{"id":3889,"date":"2024-04-09T10:44:13","date_gmt":"2024-04-09T08:44:13","guid":{"rendered":"https:\/\/serbenidorm.daliisolutions.com\/index.php\/2024\/04\/09\/paco-martinez-el-partido-contra-el-getxo-va-a-ser-la-guerra\/"},"modified":"2024-04-09T10:44:13","modified_gmt":"2024-04-09T08:44:13","slug":"paco-martinez-el-partido-contra-el-getxo-va-a-ser-la-guerra","status":"publish","type":"post","link":"https:\/\/serbenidorm.daliisolutions.com\/index.php\/2024\/04\/09\/paco-martinez-el-partido-contra-el-getxo-va-a-ser-la-guerra\/","title":{"rendered":"Paco Mart\u00ednez: \u00abEl partido contra el Getxo va a ser la guerra\u00bb"},"content":{"rendered":"  <p>Benidorm<\/p>   <p>La Fase \u00c9lite de la Divisi\u00f3n de Honor B del rugby espa\u00f1ol no podr\u00eda haber llegado a su \u00faltima jornada con una versi\u00f3n m\u00e1s emocionante. Hasta seis equipos parten el domingo con opciones reales de hacerse con una de las cuatro plazas que permitir\u00e1n so\u00f1ar con el ascenso y, entre ellos, el Huesitos-La Vila ocupa un lugar privilegiado.<\/p>  <p><p>M\u00e1s informaci\u00f3n<\/p><figure><img decoding=\"async\" src=\"https:\/\/cadenaser.com\/resizer\/RWznp8NVLj6NHp9qce1icv8rLwo=\/650x366\/filters:quality(70)\/cloudfront-eu-central-1.images.arcpublishing.com\/prisaradio\/EDG4T6KZ6VBGHESHBGIW75QRRU.jpg\" loading=\"lazy\" width=\"828\" height=\"621\" \/><\/figure><ul><li><a href=\"https:\/\/cadenaser.com\/tag\/club_rugby_la_vila\/a\/\">Todas las noticias del Huesitos-La Vila<\/a><\/li><\/ul><\/p>   <p>Tras su <a href=\"https:\/\/cadenaser.com\/comunitat-valenciana\/2024\/04\/08\/el-huesitos-la-vila-vence-en-zarautz-y-se-encomienda-al-pantano-para-el-ascenso-radio-benidorm\/\" target=\"_blank\" rel=\"noopener\">triunfo del pasado fin de semana en Zarautz<\/a>, el XV chocolatero regresa al Estadio del Pantano (domingo, 12:00 horas) para v\u00e9rselas con el Getxo, tercero en la clasificaci\u00f3n con 21 puntos, s\u00f3lo uno m\u00e1s que los vileros, que son cuartos.<\/p>   <p>El capit\u00e1n del <a href=\"https:\/\/cadenaser.com\/tag\/club_rugby_la_vila\/a\/\" target=\"_blank\" rel=\"noopener\">Huesitos-La Vila<\/a>, Paco Mart\u00ednez, ha pasado por los micr\u00f3fonos de <a href=\"https:\/\/cadenaser.com\/radio-benidorm\/ser-deportivos-benidorm\/\" target=\"_blank\" rel=\"noopener\">SER Deportivos Marina Baixa<\/a> para analizar lo sucedido en Zarautz y, sobre todo, pensar ya en lo que se viene dentro de menos de una semana en casa en un partido que \u00e9l mismo ha calificado como \u201cuna guerra\u201d.<\/p> ","protected":false},"excerpt":{"rendered":"<p>El Huesitos-La Vila se juega el pase a la fase de ascenso en el choque que disputar\u00e1 el domingo en casa<\/p>\n","protected":false},"author":0,"featured_media":3890,"comment_status":"open","ping_status":"open","sticky":false,"template":"","format":"standard","meta":{"_acf_changed":false,"footnotes":""},"categories":[16],"tags":[],"class_list":["post-3889","post","type-post","status-publish","format-standard","has-post-thumbnail","hentry","category-deportes"],"acf":{"ser_id":"BNCCEO3UKZBC3EGMDS7H2XDIRU","ser_url":"https:\/\/cadenaser.com\/comunitat-valenciana\/2024\/04\/09\/paco-martinez-el-partido-contra-el-getxo-va-a-ser-la-guerra-radio-benidorm\/"},"_links":{"self":[{"href":"https:\/\/serbenidorm.daliisolutions.com\/index.php\/wp-json\/wp\/v2\/posts\/3889","targetHints":{"allow":["GET"]}}],"collection":[{"href":"https:\/\/serbenidorm.daliisolutions.com\/index.php\/wp-json\/wp\/v2\/posts"}],"about":[{"href":"https:\/\/serbenidorm.daliisolutions.com\/index.php\/wp-json\/wp\/v2\/types\/post"}],"replies":[{"embeddable":true,"href":"https:\/\/serbenidorm.daliisolutions.com\/index.php\/wp-json\/wp\/v2\/comments?post=3889"}],"version-history":[{"count":0,"href":"https:\/\/serbenidorm.daliisolutions.com\/index.php\/wp-json\/wp\/v2\/posts\/3889\/revisions"}],"wp:featuredmedia":[{"embeddable":true,"href":"https:\/\/serbenidorm.daliisolutions.com\/index.php\/wp-json\/wp\/v2\/media\/3890"}],"wp:attachment":[{"href":"https:\/\/serbenidorm.daliisolutions.com\/index.php\/wp-json\/wp\/v2\/media?parent=3889"}],"wp:term":[{"taxonomy":"category","embeddable":true,"href":"https:\/\/serbenidorm.daliisolutions.com\/index.php\/wp-json\/wp\/v2\/categories?post=3889"},{"taxonomy":"post_tag","embeddable":true,"href":"https:\/\/serbenidorm.daliisolutions.com\/index.php\/wp-json\/wp\/v2\/tags?post=3889"}],"curies":[{"name":"wp","href":"https:\/\/api.w.org\/{rel}","templated":true}]}}