{"id":3891,"date":"2024-04-09T10:44:14","date_gmt":"2024-04-09T08:44:14","guid":{"rendered":"https:\/\/serbenidorm.daliisolutions.com\/index.php\/2024\/04\/09\/javi-cabezas-seria-un-honor-marcar-el-gol-del-ascenso\/"},"modified":"2024-04-09T10:44:14","modified_gmt":"2024-04-09T08:44:14","slug":"javi-cabezas-seria-un-honor-marcar-el-gol-del-ascenso","status":"publish","type":"post","link":"https:\/\/serbenidorm.daliisolutions.com\/index.php\/2024\/04\/09\/javi-cabezas-seria-un-honor-marcar-el-gol-del-ascenso\/","title":{"rendered":"Javi Cabezas: \u00abSer\u00eda un honor marcar el gol del ascenso\u00bb"},"content":{"rendered":"  <p>Benidorm<\/p>   <p>Tras <a href=\"https:\/\/cadenaser.com\/comunitat-valenciana\/2024\/04\/08\/el-benidorm-activa-la-cuenta-atras-final-para-el-ascenso-radio-benidorm\/\" target=\"_blank\" rel=\"noopener\">la victoria del pasado domingo ante el H\u00e9rcules B<\/a>, al C.F. Benidorm podr\u00edan salirle las cuentas, incluso, para celebrar el t\u00edtulo de Liga y, con \u00e9l, el ascenso directo a Tercera RFEF el d\u00eda 21 de abril, es decir, en el pr\u00f3ximo partido que los de Miguel \u00c1ngel Mart\u00ednez disputar\u00e1n en el Guillermo Amor.<\/p>   <p>El rival ese d\u00eda ser\u00e1 el Eldense B, equipo que durante muchas jornadas fue su principal perseguidor en la tabla, una posici\u00f3n que ahora ostenta el Crevillente Deportivo. Para que los crevillentinos no puedan dar caza a los benidormenses en esa fecha, se tienen que dar dos circunstancias: que el <a href=\"https:\/\/cadenaser.com\/tag\/club_futbol_benidorm\/a\/\" target=\"_blank\" rel=\"noopener\">C.F. Benidorm<\/a> gane el pr\u00f3ximo domingo en el campo del D\u00e9nia y tambi\u00e9n el d\u00eda 21, en casa, ante el Eldense B y que el Crevillente Deportivo tropiece en alguno de los dos partidos que tiene en casa ante el Tavernes de la Valldigna y el Santa Pola.<\/p>  <p><p>M\u00e1s informaci\u00f3n<\/p><figure><img decoding=\"async\" src=\"https:\/\/cadenaser.com\/resizer\/LH8TJ6htbu8TLzvBadxs9OWJHDs=\/650x366\/filters:quality(70)\/cloudfront-eu-central-1.images.arcpublishing.com\/prisaradio\/ZAJTFX5CRBERNF7T7IKHO66JGA.JPG\" loading=\"lazy\" width=\"828\" height=\"621\" \/><\/figure><ul><li><a href=\"https:\/\/cadenaser.com\/tag\/club_futbol_benidorm\/a\/\">Todas las noticias del C.F. Benidorm<\/a><\/li><\/ul><\/p>   <p>Javi Cabezas fue el autor del gol que el pasado domingo acerc\u00f3 un poco m\u00e1s al equipo del Guillermo Amor a ese logro. Adem\u00e1s, Cabezas fue, hace dos a\u00f1os, el h\u00e9roe del ascenso de La Nuc\u00eda a Primera RFEF. En una entrevista concedida a <a href=\"https:\/\/cadenaser.com\/radio-benidorm\/ser-deportivos-benidorm\/\" target=\"_blank\" rel=\"noopener\">SER Deportivos Marina Baixa<\/a>, el ahora jugador del C.F. Benidorm asegura que no hab\u00eda pensado en poder repetir esa historia vistiendo los colores del equipo de la capital tur\u00edstica, pero que \u201cser\u00eda un honor\u201d poder marcar ese tanto que pasar\u00eda a la historia de la ciudad.<\/p>   <p>En cualquier caso, Cabezas afirma que en el vestuario s\u00f3lo se piensa en el pr\u00f3ximo partido y que, pese a que la consecuci\u00f3n del gran objetivo del a\u00f1o est\u00e1 cada vez m\u00e1s cerca, tanto \u00e9l como el resto de sus compa\u00f1eros se mantienen centrados en el \u2018partido a partido\u2019 y no se dejan llevar por distracciones ajenas.<\/p> ","protected":false},"excerpt":{"rendered":"<p>El autor del tanto de la victoria ante el H\u00e9rcules analiza las opciones del C.F. Benidorm de ser campe\u00f3n matem\u00e1tico el 21 de abril<\/p>\n","protected":false},"author":0,"featured_media":3892,"comment_status":"open","ping_status":"open","sticky":false,"template":"","format":"standard","meta":{"_acf_changed":false,"footnotes":""},"categories":[16],"tags":[],"class_list":["post-3891","post","type-post","status-publish","format-standard","has-post-thumbnail","hentry","category-deportes"],"acf":{"ser_id":"XNE3NEA76VCT3PVH6PRMGVX36E","ser_url":"https:\/\/cadenaser.com\/comunitat-valenciana\/2024\/04\/09\/javi-cabezas-seria-un-honor-marcar-el-gol-del-ascenso-radio-benidorm\/"},"_links":{"self":[{"href":"https:\/\/serbenidorm.daliisolutions.com\/index.php\/wp-json\/wp\/v2\/posts\/3891","targetHints":{"allow":["GET"]}}],"collection":[{"href":"https:\/\/serbenidorm.daliisolutions.com\/index.php\/wp-json\/wp\/v2\/posts"}],"about":[{"href":"https:\/\/serbenidorm.daliisolutions.com\/index.php\/wp-json\/wp\/v2\/types\/post"}],"replies":[{"embeddable":true,"href":"https:\/\/serbenidorm.daliisolutions.com\/index.php\/wp-json\/wp\/v2\/comments?post=3891"}],"version-history":[{"count":0,"href":"https:\/\/serbenidorm.daliisolutions.com\/index.php\/wp-json\/wp\/v2\/posts\/3891\/revisions"}],"wp:featuredmedia":[{"embeddable":true,"href":"https:\/\/serbenidorm.daliisolutions.com\/index.php\/wp-json\/wp\/v2\/media\/3892"}],"wp:attachment":[{"href":"https:\/\/serbenidorm.daliisolutions.com\/index.php\/wp-json\/wp\/v2\/media?parent=3891"}],"wp:term":[{"taxonomy":"category","embeddable":true,"href":"https:\/\/serbenidorm.daliisolutions.com\/index.php\/wp-json\/wp\/v2\/categories?post=3891"},{"taxonomy":"post_tag","embeddable":true,"href":"https:\/\/serbenidorm.daliisolutions.com\/index.php\/wp-json\/wp\/v2\/tags?post=3891"}],"curies":[{"name":"wp","href":"https:\/\/api.w.org\/{rel}","templated":true}]}}