{"id":3896,"date":"2024-04-09T15:54:26","date_gmt":"2024-04-09T13:54:26","guid":{"rendered":"https:\/\/serbenidorm.daliisolutions.com\/index.php\/2024\/04\/09\/el-i-congreso-nacional-de-policias-locales-en-benidorm-cierra-la-participacion-de-800-agentes-y-ponentes\/"},"modified":"2024-04-09T15:54:26","modified_gmt":"2024-04-09T13:54:26","slug":"el-i-congreso-nacional-de-policias-locales-en-benidorm-cierra-la-participacion-de-800-agentes-y-ponentes","status":"publish","type":"post","link":"https:\/\/serbenidorm.daliisolutions.com\/index.php\/2024\/04\/09\/el-i-congreso-nacional-de-policias-locales-en-benidorm-cierra-la-participacion-de-800-agentes-y-ponentes\/","title":{"rendered":"El I Congreso Nacional de Polic\u00edas Locales en Benidorm cierra la participaci\u00f3n de 800 agentes y ponentes"},"content":{"rendered":"  <p>Benidorm<\/p>   <p>M\u00e1s de 200 agentes interesados se han quedado en lista de espera para poder acudir al<a href=\"https:\/\/cadenaser.com\/audio\/1705930024571\/\" target=\"_blank\" rel=\"noopener\"> I Congreso Nacional de Polic\u00edas Locales<\/a> que se celebra en Benidorm los d\u00edas 12 y 13 de abril y que ha cerrado la inscripci\u00f3n rondando los 800 participantes y despu\u00e9s de ampliar las plazas en casi un centenar, ante la gran cantidad de solicitudes recibidas.<\/p>   <p>As\u00ed lo han confirmado a Hoy por Hoy Benidorm el<a href=\"https:\/\/cadenaser.com\/comunitat-valenciana\/2024\/03\/08\/hoy-por-hoy-benidorm-desde-la-central-de-la-policia-local-radio-benidorm\/\" target=\"_blank\" rel=\"noopener\"> Jefe de la Polic\u00eda Local de Benidorm<\/a>, Lu\u00eds Mart\u00edn Ar\u00e9valo, y el concejal de Seguridad Ciudadana, Jes\u00fas Carrobles. \u00abYa est\u00e1 todo preparado para este congreso que ha despertado gran expectaci\u00f3n y que, incluso, hemos tenido que ampliar la capacidad de las 700 plazas iniciales en las casi 800 con las que hemos cerrado la inscripci\u00f3n. Hay muchos agentes, magistrados y autoridades que se han quedado fuera y hemos tenido que habilitar una lista de espera con m\u00e1s de 200 personas por si hay cancelaciones. Hubi\u00e9ramos superado las 1.000 inscripciones pero no tenemos m\u00e1s plazas\u00bb, indican.<\/p>   <p>Uno de los puntos importantes del congreso es la mesa redonda en la que se expondr\u00e1<a href=\"https:\/\/cadenaser.com\/comunitat-valenciana\/2024\/01\/22\/las-policias-locales-de-espana-se-encontraran-en-benidorm-para-reclamar-una-ley-nacional-que-los-englobe-radio-benidorm\/\" target=\"_blank\" rel=\"noopener\"> la necesidad de cambiar la normativa por la que se rigen los Cuerpos y Fuerzas de Seguridad del Estado \u00abpor haberse quedado obsoleta\u00bb <\/a>para adaptarla \u00aba las necesidades actuales\u00bb y <a href=\"https:\/\/cadenaser.com\/comunitat-valenciana\/2023\/07\/25\/asi-funciona-el-cerebro-de-la-policia-local-de-benidorm-es-estresante-hay-que-ser-como-un-controlador-aereo-radio-benidorm\/\" target=\"_blank\" rel=\"noopener\">dar mayor autonom\u00eda al cuerpo<\/a>. \u00abSe da la circunstancia en que, por este ley, a veces nos vemos encorsetados y limitados para actuar y nuestra labor se dilata en el tiempo. Hay ocasiones en las dependemos de que otras instancias supramunicipales, que desconocen la casu\u00edstica local, nos concedan permiso para actuar. Si este permiso dependiera de las Administraciones Locales, que conocen a la perfecci\u00f3n la problem\u00e1tica de la ciudad, nuestra actuaci\u00f3n ser\u00eda m\u00e1s r\u00e1pida y eficiente\u00bb, se\u00f1ala Ar\u00e9valo. <\/p>   <p>El congreso se celebrar\u00e1 en las instalaciones del parque tem\u00e1tico Terra M\u00edtica y contara con la presencia de representantes de este cuerpo policial procedentes de m\u00e1s de 20 ciudades espa\u00f1olas.<\/p>   <p>El c\u00f3nclave est\u00e1 organizado por la Uni\u00f3n nacional de Jefes y Mandos de Polic\u00eda Local (Unijempol), el SPPLB y la colaboraci\u00f3n del Ayuntamiento de Benidorm.<\/p>   <p>El programa contempla mesas redondas, ponencias, exhibiciones y actividades l\u00fadicas para los asistentes. Entre la ponencias confirmadas se encuentran las que ofrecer\u00e1n los magistrados del Tribunal Supremo o tambi\u00e9n Carlos Fern\u00e1ndez, community manager de Polic\u00eda 2.0.<\/p>   <p>Los temas a tratar versar\u00e1n sobre sobre asuntos de actualidad de la Polic\u00eda Local como el futuro del cuerpo, la conexi\u00f3n con los ciudadanos para mejorar la seguridad y la localidad, la detecci\u00f3n de casos de trata sexual, la Polic\u00eda Local como polic\u00eda judicial o el uso del arma y sus consecuencias, entre otros.<\/p>   <p><p><strong>Sigue el canal de la SER en WhatsApp<\/strong><br \/>Encontrar\u00e1s toda la informaci\u00f3n, el deporte y el entretenimiento: la actualidad del d\u00eda y las noticias de \u00faltima hora, los mejores v\u00eddeos y momentos de la radio, entrevistas, reportajes y mucho m\u00e1s.<\/p><a href=\"https:\/\/www.whatsapp.com\/channel\/0029Va633PF9WtC4l7XUzh1e\" title=\"Suscr\u00edbete\">Suscr\u00edbete ahora<\/a><\/p> ","protected":false},"excerpt":{"rendered":"<p>Se celebrar\u00e1 los d\u00edas 12 y 13 de abril en Terra M\u00edticas y abordar\u00e1 la necesidad de un cambio en la legislaci\u00f3n para dar m\u00e1s autonom\u00eda al cuerpo<\/p>\n","protected":false},"author":0,"featured_media":3897,"comment_status":"open","ping_status":"open","sticky":false,"template":"","format":"standard","meta":{"_acf_changed":false,"footnotes":""},"categories":[1],"tags":[],"class_list":["post-3896","post","type-post","status-publish","format-standard","has-post-thumbnail","hentry","category-sin-categoria"],"acf":{"ser_id":"C5UTWCB33JDHNBPB3GDDQQN23Y","ser_url":"https:\/\/cadenaser.com\/comunitat-valenciana\/2024\/04\/09\/el-i-congreso-nacional-de-policias-locales-en-benidorm-cierra-la-participacion-de-800-agentes-y-ponentes-radio-benidorm\/"},"_links":{"self":[{"href":"https:\/\/serbenidorm.daliisolutions.com\/index.php\/wp-json\/wp\/v2\/posts\/3896","targetHints":{"allow":["GET"]}}],"collection":[{"href":"https:\/\/serbenidorm.daliisolutions.com\/index.php\/wp-json\/wp\/v2\/posts"}],"about":[{"href":"https:\/\/serbenidorm.daliisolutions.com\/index.php\/wp-json\/wp\/v2\/types\/post"}],"replies":[{"embeddable":true,"href":"https:\/\/serbenidorm.daliisolutions.com\/index.php\/wp-json\/wp\/v2\/comments?post=3896"}],"version-history":[{"count":0,"href":"https:\/\/serbenidorm.daliisolutions.com\/index.php\/wp-json\/wp\/v2\/posts\/3896\/revisions"}],"wp:featuredmedia":[{"embeddable":true,"href":"https:\/\/serbenidorm.daliisolutions.com\/index.php\/wp-json\/wp\/v2\/media\/3897"}],"wp:attachment":[{"href":"https:\/\/serbenidorm.daliisolutions.com\/index.php\/wp-json\/wp\/v2\/media?parent=3896"}],"wp:term":[{"taxonomy":"category","embeddable":true,"href":"https:\/\/serbenidorm.daliisolutions.com\/index.php\/wp-json\/wp\/v2\/categories?post=3896"},{"taxonomy":"post_tag","embeddable":true,"href":"https:\/\/serbenidorm.daliisolutions.com\/index.php\/wp-json\/wp\/v2\/tags?post=3896"}],"curies":[{"name":"wp","href":"https:\/\/api.w.org\/{rel}","templated":true}]}}