{"id":3898,"date":"2024-04-09T15:54:29","date_gmt":"2024-04-09T13:54:29","guid":{"rendered":"https:\/\/serbenidorm.daliisolutions.com\/index.php\/2024\/04\/09\/benidorm-y-guadalest-destinos-favoritos-de-los-cruceristas-en-la-provincia-despues-de-alicante-capital\/"},"modified":"2024-04-09T15:54:29","modified_gmt":"2024-04-09T13:54:29","slug":"benidorm-y-guadalest-destinos-favoritos-de-los-cruceristas-en-la-provincia-despues-de-alicante-capital","status":"publish","type":"post","link":"https:\/\/serbenidorm.daliisolutions.com\/index.php\/2024\/04\/09\/benidorm-y-guadalest-destinos-favoritos-de-los-cruceristas-en-la-provincia-despues-de-alicante-capital\/","title":{"rendered":"Benidorm y Guadalest, destinos favoritos de los cruceristas en la provincia despu\u00e9s de Alicante capital"},"content":{"rendered":"  <p>Benidorm<\/p>   <p>Aunque los cruceros no hagan parada en la comarca de la Marina Baixa, <a href=\"https:\/\/cadenaser.com\/tag\/benidorm\/a\/\" target=\"_blank\" rel=\"noopener\">Benidorm y Guadalest <\/a>son los destinos favoritos para sus clientes cuando llegan a la provincia solo despu\u00e9s de Alicante capital, en cuyo puerto atracan todas estas embarcaciones.<\/p>   <p>Lo explica el director de la Asociaci\u00f3n <a href=\"https:\/\/cadenaser.com\/tag\/cruceros\/a\/\" target=\"_blank\" rel=\"noopener\">\u2018Alicante Costa Blanca Turismo y Cruceros\u2019<\/a>, Roberto Mart\u00ednez, que asegura que la conectividad y la seguridad son las variables que esta tipolog\u00eda de turista m\u00e1s valoran al llegar a nuestro territorio.<\/p>   <p>\u00abLos cuatro m\u00e1s importantes son Alicante con un 36 %, Benidorm 21 %, Guadalest 15 % y Elche un 12 %\u00bb, cifra Mart\u00ednez antes de insistir en la importancia del Aeropuerto de Alicante &#8211; Elche o los servicios ferroviarios como oferta complementaria.<\/p>   <p>El impacto del sector en cifras<\/p>  <p><p>M\u00e1s informaci\u00f3n<\/p><figure><img decoding=\"async\" src=\"https:\/\/cadenaser.com\/resizer\/LZR9Uu_u9eixlUja95lqkseVdzs=\/650x366\/filters:quality(70)\/cloudfront-eu-central-1.images.arcpublishing.com\/prisaradio\/KOI7VHF3YRB63LTZKDLSG5UWDE.jpeg\" loading=\"lazy\" width=\"828\" height=\"621\" \/><\/figure><ul><li><a href=\"https:\/\/cadenaser.com\/comunitat-valenciana\/2024\/04\/07\/alicante-prepara-la-llegada-de-once-cruceros-con-22000-pasajeros-en-dos-semanas-radio-alicante\/\">Alicante prepara la llegada de once cruceros con 22.000 pasajeros en dos semanas<\/a><\/li><\/ul><\/p>   <p>El sector de los cruceros dej\u00f3 un impacto econ\u00f3mico de 46 millones de euros para Alicante y la Costa Blanca en 2023. El gasto medio del crucerista oscila entre los 79 euros por persona y d\u00eda en una escala y los 210 euros en caso de elegir Alicante como puerto base.<\/p>   <p>Son datos que se desprenden del Estudio de Impacto Econ\u00f3mico y Social del Sector Cruceros en Alicante y Costa Blanca elaborado por esta asociaci\u00f3n.<\/p>   <p><p><strong>Sigue el canal de la SER en WhatsApp<\/strong><br \/>Encontrar\u00e1s toda la informaci\u00f3n, el deporte y el entretenimiento: la actualidad del d\u00eda y las noticias de \u00faltima hora, los mejores v\u00eddeos y momentos de la radio, entrevistas, reportajes y mucho m\u00e1s.<\/p><a href=\"https:\/\/www.whatsapp.com\/channel\/0029Va633PF9WtC4l7XUzh1e\" title=\"Suscr\u00edbete\">Suscr\u00edbete ahora<\/a><\/p> ","protected":false},"excerpt":{"rendered":"<p>Su puerto recibir\u00e1 96 cruceros durante este a\u00f1o, un 20 % m\u00e1s. <\/p>\n","protected":false},"author":0,"featured_media":3899,"comment_status":"open","ping_status":"open","sticky":false,"template":"","format":"standard","meta":{"_acf_changed":false,"footnotes":""},"categories":[1],"tags":[],"class_list":["post-3898","post","type-post","status-publish","format-standard","has-post-thumbnail","hentry","category-sin-categoria"],"acf":{"ser_id":"5PYXH2UJYNEPJI33TASBV2TNKM","ser_url":"https:\/\/cadenaser.com\/comunitat-valenciana\/2024\/04\/09\/benidorm-y-guadalest-destinos-favoritos-de-los-cruceristas-en-la-provincia-despues-de-alicante-capital-radio-benidorm\/"},"_links":{"self":[{"href":"https:\/\/serbenidorm.daliisolutions.com\/index.php\/wp-json\/wp\/v2\/posts\/3898","targetHints":{"allow":["GET"]}}],"collection":[{"href":"https:\/\/serbenidorm.daliisolutions.com\/index.php\/wp-json\/wp\/v2\/posts"}],"about":[{"href":"https:\/\/serbenidorm.daliisolutions.com\/index.php\/wp-json\/wp\/v2\/types\/post"}],"replies":[{"embeddable":true,"href":"https:\/\/serbenidorm.daliisolutions.com\/index.php\/wp-json\/wp\/v2\/comments?post=3898"}],"version-history":[{"count":0,"href":"https:\/\/serbenidorm.daliisolutions.com\/index.php\/wp-json\/wp\/v2\/posts\/3898\/revisions"}],"wp:featuredmedia":[{"embeddable":true,"href":"https:\/\/serbenidorm.daliisolutions.com\/index.php\/wp-json\/wp\/v2\/media\/3899"}],"wp:attachment":[{"href":"https:\/\/serbenidorm.daliisolutions.com\/index.php\/wp-json\/wp\/v2\/media?parent=3898"}],"wp:term":[{"taxonomy":"category","embeddable":true,"href":"https:\/\/serbenidorm.daliisolutions.com\/index.php\/wp-json\/wp\/v2\/categories?post=3898"},{"taxonomy":"post_tag","embeddable":true,"href":"https:\/\/serbenidorm.daliisolutions.com\/index.php\/wp-json\/wp\/v2\/tags?post=3898"}],"curies":[{"name":"wp","href":"https:\/\/api.w.org\/{rel}","templated":true}]}}