{"id":3900,"date":"2024-04-09T15:54:29","date_gmt":"2024-04-09T13:54:29","guid":{"rendered":"https:\/\/serbenidorm.daliisolutions.com\/index.php\/2024\/04\/09\/el-grupo-amateur-gaudint-teatre-estrena-bunker-0-en-lauditori-de-la-nucia-el-19-de-abril\/"},"modified":"2024-04-09T15:54:29","modified_gmt":"2024-04-09T13:54:29","slug":"el-grupo-amateur-gaudint-teatre-estrena-bunker-0-en-lauditori-de-la-nucia-el-19-de-abril","status":"publish","type":"post","link":"https:\/\/serbenidorm.daliisolutions.com\/index.php\/2024\/04\/09\/el-grupo-amateur-gaudint-teatre-estrena-bunker-0-en-lauditori-de-la-nucia-el-19-de-abril\/","title":{"rendered":"El grupo amateur Gaudint Teatre estrena \u201cBunker 0\u201d en l\u2019Auditori de La Nuc\u00eda el 19 de abril"},"content":{"rendered":"  <p>La Nuc\u00eda<\/p>   <p>Gaudint Teatre, grupo de teatro del Instituto de La Nuc\u00eda, estrena su nuevo montaje \u201cB\u00fanker 0. Una distop\u00eda\u201d el viernes 19 de abril a las 20 horas en l<a href=\"https:\/\/cadenaser.com\/comunitat-valenciana\/2024\/02\/15\/el-mejor-terror-llega-este-sabado-a-lauditori-de-la-nucia-con-la-mujer-de-negro-radio-benidorm\/\" target=\"_blank\" rel=\"noopener\">\u2019Auditori. <\/a>Se trata de un estreno solidario ya que la recaudaci\u00f3n se destinar\u00e1 a la lucha contra el c\u00e1ncer, a trav\u00e9s de la Junta Local de AECC La Nuc\u00eda. Las entradas ya est\u00e1n a la venta en las taquillas de l\u2019Auditori y a trav\u00e9s de la plataforma instanticket: <a href=\"https:\/\/entradas.instanticket.es\/lanucia\/public\/janto\/main.php#\" rel=\"nofollow\"><u>https:\/\/entradas.instanticket.es\/lanucia\/public\/janto\/main.php#<\/u><\/a><\/p>   <p>\u201cB\u00fanker 0. Una distop\u00eda\u201d est\u00e1 escrita y dirigida por Manel Gimeno, profesor del Instituto de La Nuc\u00eda. En este montaje teatral coproducido por Gaudint Teatre y l\u2019Auditori participan como actrices y actores, alumnado de Bachillerato de Artes Esc\u00e9nicas del Instituto de La Nuc\u00eda: Nicole Attwell, Victoria Casares, Marta Gomis, Ruth Lamb, Salma L\u00f3pez, Tilo Lled\u00f3 y Alejandra Magdaleno. Se trata del octavo montaje teatral de Gaudint Teatre, todos han contado con la colaboraci\u00f3n de la concejal\u00eda de Cultura del Ayuntamiento de La Nuc\u00eda y l\u2019Auditori.<\/p>   <p>La presentaci\u00f3n de esta obra teatral cont\u00f3 con la presencia de Manel Gimeno, director del montaje teatral y autor del texto, Lina Cano, presidenta de AECC La Nuc\u00eda y Pedro Lloret, concejal de Cultura.<\/p>   <p>\u201cB\u00fanker 0. Una distop\u00eda\u201d<\/p>   <p>En esta ocasi\u00f3n, <b>\u201c<\/b>B\u00fanker 0. Una Distop\u00eda\u201d est\u00e1 escrito por Manel Gimeno quien adem\u00e1s de dirigir, como en todos los montajes anteriores de Gaudint Teatre, presenta por primera vez un texto propio, una obra de teatro con todo su fondo dram\u00e1tico, en este caso en un escenario b\u00e9lico, en un pa\u00eds indeterminado y en un futuro dist\u00f3pico.<\/p>   <p>En esta octava producci\u00f3n de Gaudint Teatre los int\u00e9rpretes son alumnado del Bachillerato de Artes Esc\u00e9nicas que se imparte en el Instituto de La Nuc\u00eda y en l\u00b4Auditori. Las actrices y actores participantes son: Nicole Attwell \u201cGreta\u201d, Victoria Casares \u201cRebeca\u201d, Marta Gomis \u201cMara\u201d, Ruth Lamb \u201cAbril\u201d, Salma L\u00f3pez \u201cEmma\u201d, Tilo Lled\u00f3 \u201cNora\u201d y Alejandra Magdaleno \u201cValentina\u201d.<\/p>   <p>Tambi\u00e9n colaboran en la confecci\u00f3n de elementos esc\u00e9nicos alumnado de Pl\u00e1stica y de Tecnolog\u00eda del mismo centro educativo. Adem\u00e1s se a\u00f1ade la colaboraci\u00f3n de la profesora de danza Anabel Ib\u00e1\u00f1ez que dirige la Escuela de Danzas \u00c1rabes en l\u00b4Auditori.<\/p>   <p>Entradas a la venta<\/p>   <p>Las entradas para el estreno de \u201cB\u00fanker 0. Una distop\u00eda<\/p>   <p>\u201d tiene un precio de 5 euros y est\u00e1n a la venta ya en<a href=\"https:\/\/cadenaser.com\/comunitat-valenciana\/2024\/03\/27\/mas-de-100-actores-escenificaran-la-passio-de-la-nucia-este-jueves-santo-radio-benidorm\/\" target=\"_blank\" rel=\"noopener\"> las taquillas de l\u2019Auditori<\/a> y en la plataforma Instanticket (tel\u00e9fono: 902 444 300) o haciend<\/p>   <p>o clic en el siguiente enlace directo: <a href=\"https:\/\/entradas.instanticket.es\/lanucia\/public\/janto\/main.php#\" rel=\"nofollow\"><u>https:\/\/entradas.instanticket.es\/lanucia\/public\/janto\/main.php#<\/u><\/a><\/p>   <p>Es una <a href=\"https:\/\/cadenaser.com\/comunitat-valenciana\/2023\/02\/02\/teatro-gratuito-con-la-comedia-un-dios-salvaje-este-sabado-en-lauditori-radio-benidorm\/\" target=\"_blank\" rel=\"noopener\">actuaci\u00f3n solidaria <\/a>a beneficio de la Asociaci\u00f3n Espa\u00f1ola Contra el C\u00e1ncer a trav\u00e9s de la Junta Local de La Nuc\u00eda.<\/p>   <p><p><strong>Sigue el canal de la SER en WhatsApp<\/strong><br \/>Encontrar\u00e1s toda la informaci\u00f3n, el deporte y el entretenimiento: la actualidad del d\u00eda y las noticias de \u00faltima hora, los mejores v\u00eddeos y momentos de la radio, entrevistas, reportajes y mucho m\u00e1s.<\/p><a href=\"https:\/\/www.whatsapp.com\/channel\/0029Va633PF9WtC4l7XUzh1e\" title=\"Suscr\u00edbete\">Suscr\u00edbete ahora<\/a><\/p> ","protected":false},"excerpt":{"rendered":"<p>Se trata de un estreno solidario a beneficio de Asociaci\u00f3n contra el C\u00e1ncer de La Nuc\u00eda<\/p>\n","protected":false},"author":0,"featured_media":3901,"comment_status":"open","ping_status":"open","sticky":false,"template":"","format":"standard","meta":{"_acf_changed":false,"footnotes":""},"categories":[1],"tags":[],"class_list":["post-3900","post","type-post","status-publish","format-standard","has-post-thumbnail","hentry","category-sin-categoria"],"acf":{"ser_id":"3RPEYPXONRG6DEJ473MOJT73YU","ser_url":"https:\/\/cadenaser.com\/comunitat-valenciana\/2024\/04\/09\/el-grupo-amateur-gaudint-teatre-estrena-bunker-0-en-lauditori-de-la-nucia-el-19-de-abril-radio-benidorm\/"},"_links":{"self":[{"href":"https:\/\/serbenidorm.daliisolutions.com\/index.php\/wp-json\/wp\/v2\/posts\/3900","targetHints":{"allow":["GET"]}}],"collection":[{"href":"https:\/\/serbenidorm.daliisolutions.com\/index.php\/wp-json\/wp\/v2\/posts"}],"about":[{"href":"https:\/\/serbenidorm.daliisolutions.com\/index.php\/wp-json\/wp\/v2\/types\/post"}],"replies":[{"embeddable":true,"href":"https:\/\/serbenidorm.daliisolutions.com\/index.php\/wp-json\/wp\/v2\/comments?post=3900"}],"version-history":[{"count":0,"href":"https:\/\/serbenidorm.daliisolutions.com\/index.php\/wp-json\/wp\/v2\/posts\/3900\/revisions"}],"wp:featuredmedia":[{"embeddable":true,"href":"https:\/\/serbenidorm.daliisolutions.com\/index.php\/wp-json\/wp\/v2\/media\/3901"}],"wp:attachment":[{"href":"https:\/\/serbenidorm.daliisolutions.com\/index.php\/wp-json\/wp\/v2\/media?parent=3900"}],"wp:term":[{"taxonomy":"category","embeddable":true,"href":"https:\/\/serbenidorm.daliisolutions.com\/index.php\/wp-json\/wp\/v2\/categories?post=3900"},{"taxonomy":"post_tag","embeddable":true,"href":"https:\/\/serbenidorm.daliisolutions.com\/index.php\/wp-json\/wp\/v2\/tags?post=3900"}],"curies":[{"name":"wp","href":"https:\/\/api.w.org\/{rel}","templated":true}]}}