{"id":3902,"date":"2024-04-09T15:54:32","date_gmt":"2024-04-09T13:54:32","guid":{"rendered":"https:\/\/serbenidorm.daliisolutions.com\/index.php\/2024\/04\/09\/el-tm-benidorm-busca-la-fase-final-de-la-copa-del-rey\/"},"modified":"2024-04-09T15:54:32","modified_gmt":"2024-04-09T13:54:32","slug":"el-tm-benidorm-busca-la-fase-final-de-la-copa-del-rey","status":"publish","type":"post","link":"https:\/\/serbenidorm.daliisolutions.com\/index.php\/2024\/04\/09\/el-tm-benidorm-busca-la-fase-final-de-la-copa-del-rey\/","title":{"rendered":"El TM Benidorm busca la fase final de la Copa del Rey"},"content":{"rendered":"  <p>Benidorm<\/p>   <p>El <a href=\"https:\/\/cadenaser.com\/tag\/club_balonmano_benidorm\/a\/\" target=\"_blank\" rel=\"noopener\">TM Benidorm<\/a> se ha citado con su propia historia este mi\u00e9rcoles (19:30 horas) cuando buscar\u00e1, en su cancha del Palau d\u2019Esports l\u2019Illa de Benidorm, acceder por segunda vez a la fase final de la Copa del Rey. Para lograrlo, deber\u00e1 superar al Cuenca, un viejo conocido de la Liga Asobal al que, al menos en la competici\u00f3n liguera, se ha enfrentado en diez ocasiones (como local) con un balance de cinco triunfos, cuatro derrotas y un empate.<\/p>   <p>Esta tercera eliminatoria del torneo del KO, la \u00faltima antes de esa fase final que se disputar\u00e1 en la ciudad de Ja\u00e9n entre los ocho mejores de Espa\u00f1a, se disputar\u00e1 a partido \u00fanico, por lo que el <a href=\"https:\/\/cadenaser.com\/tag\/club_balonmano_benidorm\/a\/\" target=\"_blank\" rel=\"noopener\">TM Benidorm<\/a> contar\u00e1 con esa ligera ventaja que siempre supone jugar como local.<\/p>   <p><p><strong>Sigue el canal de la SER en WhatsApp<\/strong><br \/>Encontrar\u00e1s toda la informaci\u00f3n, el deporte y el entretenimiento: la actualidad del d\u00eda y las noticias de \u00faltima hora, los mejores v\u00eddeos y momentos de la radio, entrevistas, reportajes y mucho m\u00e1s.<\/p><a href=\"https:\/\/www.whatsapp.com\/channel\/0029Va633PF9WtC4l7XUzh1e\" title=\"Suscr\u00edbete\">Suscr\u00edbete ahora<\/a><\/p>   <p>Ser\u00e1, adem\u00e1s, un partido muy especial en lo emotivo ya que servir\u00e1 como homenaje a Juan Fuster Zaragoza, fundador del Colegio Internacional Lope de Vega y una figura fundamental en la historia del deporte de la ciudad de Benidorm.<\/p>   <p>Un legado que hoy en d\u00eda mantiene su hijo, Vicente Fuster, con distintas iniciativas como la que desarrolla de la mano del Club Balonmano Benidorm becando cada temporada a jugadores que, gracias a esa oportunidad, han podido entrar a formar parte del equipo de Liga Asobal mientras siguen adelante con su formaci\u00f3n acad\u00e9mica, siendo Juan Carlos Sempere o Santi Barcel\u00f3 claros ejemplos de ello.<\/p> ","protected":false},"excerpt":{"rendered":"<p>El partido ante el Cuenca servir\u00e1 como homenaje a Juan Fuster Zaragoza en el 100\u00ba aniversario de su nacimiento<\/p>\n","protected":false},"author":0,"featured_media":3903,"comment_status":"open","ping_status":"open","sticky":false,"template":"","format":"standard","meta":{"_acf_changed":false,"footnotes":""},"categories":[16],"tags":[],"class_list":["post-3902","post","type-post","status-publish","format-standard","has-post-thumbnail","hentry","category-deportes"],"acf":{"ser_id":"6DTUUYGMJZBMTHJ6I4GSRNFS6M","ser_url":"https:\/\/cadenaser.com\/comunitat-valenciana\/2024\/04\/09\/el-tm-benidorm-busca-la-fase-final-de-la-copa-del-rey-radio-benidorm\/"},"_links":{"self":[{"href":"https:\/\/serbenidorm.daliisolutions.com\/index.php\/wp-json\/wp\/v2\/posts\/3902","targetHints":{"allow":["GET"]}}],"collection":[{"href":"https:\/\/serbenidorm.daliisolutions.com\/index.php\/wp-json\/wp\/v2\/posts"}],"about":[{"href":"https:\/\/serbenidorm.daliisolutions.com\/index.php\/wp-json\/wp\/v2\/types\/post"}],"replies":[{"embeddable":true,"href":"https:\/\/serbenidorm.daliisolutions.com\/index.php\/wp-json\/wp\/v2\/comments?post=3902"}],"version-history":[{"count":0,"href":"https:\/\/serbenidorm.daliisolutions.com\/index.php\/wp-json\/wp\/v2\/posts\/3902\/revisions"}],"wp:featuredmedia":[{"embeddable":true,"href":"https:\/\/serbenidorm.daliisolutions.com\/index.php\/wp-json\/wp\/v2\/media\/3903"}],"wp:attachment":[{"href":"https:\/\/serbenidorm.daliisolutions.com\/index.php\/wp-json\/wp\/v2\/media?parent=3902"}],"wp:term":[{"taxonomy":"category","embeddable":true,"href":"https:\/\/serbenidorm.daliisolutions.com\/index.php\/wp-json\/wp\/v2\/categories?post=3902"},{"taxonomy":"post_tag","embeddable":true,"href":"https:\/\/serbenidorm.daliisolutions.com\/index.php\/wp-json\/wp\/v2\/tags?post=3902"}],"curies":[{"name":"wp","href":"https:\/\/api.w.org\/{rel}","templated":true}]}}