{"id":3904,"date":"2024-04-09T15:54:32","date_gmt":"2024-04-09T13:54:32","guid":{"rendered":"https:\/\/serbenidorm.daliisolutions.com\/index.php\/2024\/04\/09\/nacho-madaleno-no-seguira-al-frente-del-holacv-benidorm\/"},"modified":"2024-04-09T15:54:32","modified_gmt":"2024-04-09T13:54:32","slug":"nacho-madaleno-no-seguira-al-frente-del-holacv-benidorm","status":"publish","type":"post","link":"https:\/\/serbenidorm.daliisolutions.com\/index.php\/2024\/04\/09\/nacho-madaleno-no-seguira-al-frente-del-holacv-benidorm\/","title":{"rendered":"Nacho Madaleno no seguir\u00e1 al frente del HolaCV-Benidorm"},"content":{"rendered":"  <p>Benidorm<\/p>   <p>Tras oficializarse <a href=\"https:\/\/cadenaser.com\/comunitat-valenciana\/2024\/04\/09\/eric-carrio-capitan-del-servigroup-benidorm-pone-fin-a-su-etapa-en-el-raul-mesa-radio-benidorm\/\" target=\"_blank\" rel=\"noopener\">la marcha del capit\u00e1n del Servigroup Benidorm masculino, Eric Carri\u00f3<\/a>, el Club Voleibol Playas de Benidorm sigue dando nuevos pasos en la confecci\u00f3n de la que ser\u00e1 la estructura deportiva de sus dos equipos de Superliga 2 en la pr\u00f3xima campa\u00f1a.<\/p>   <p>Apenas 48 horas despu\u00e9s de haber dado por cerrada su presencia en la campa\u00f1a 2023-2024, la directiva de la entidad del Pabell\u00f3n Ra\u00fal Mesa ha anunciado este martes la marcha de Nacho Madaleno, el que ha sido el entrenador de equipo femenino durante las \u00faltimas temporadas y que en la 2022-2023 llev\u00f3 a las chicas de Benidorm hasta la fase de ascenso a la m\u00e1xima categor\u00eda.<\/p>   <p>En la reci\u00e9n terminada temporada, Madaleno y las suyas no pudieron repetir ese mismo logro, pero su equipo volvi\u00f3 a estar entre los mejores de la competici\u00f3n terminando en una muy meritoria cuarta posici\u00f3n.<\/p>   <p>En cualquier caso, Madaleno seguir\u00e1 vinculado al <a href=\"https:\/\/cadenaser.com\/tag\/club_voleibol_playas_benidorm\/a\/\" target=\"_blank\" rel=\"noopener\">Club Voleibol Playas de Benidorm<\/a> ya que seguir\u00e1 siendo, como hasta ahora, el responsable de la secci\u00f3n femenina de la entidad.<\/p> ","protected":false},"excerpt":{"rendered":"<p>El t\u00e9cnico consigui\u00f3 clasificar al equipo femenino del Club Voleibol Playas de Benidorm a la fase de ascenso la pasada temporada<\/p>\n","protected":false},"author":0,"featured_media":3905,"comment_status":"open","ping_status":"open","sticky":false,"template":"","format":"standard","meta":{"_acf_changed":false,"footnotes":""},"categories":[16],"tags":[],"class_list":["post-3904","post","type-post","status-publish","format-standard","has-post-thumbnail","hentry","category-deportes"],"acf":{"ser_id":"C7D6NWE6MBFDPA7QM4PBC5LE5Q","ser_url":"https:\/\/cadenaser.com\/comunitat-valenciana\/2024\/04\/09\/nacho-madaleno-no-seguira-al-frente-del-holacv-benidorm-radio-benidorm\/"},"_links":{"self":[{"href":"https:\/\/serbenidorm.daliisolutions.com\/index.php\/wp-json\/wp\/v2\/posts\/3904","targetHints":{"allow":["GET"]}}],"collection":[{"href":"https:\/\/serbenidorm.daliisolutions.com\/index.php\/wp-json\/wp\/v2\/posts"}],"about":[{"href":"https:\/\/serbenidorm.daliisolutions.com\/index.php\/wp-json\/wp\/v2\/types\/post"}],"replies":[{"embeddable":true,"href":"https:\/\/serbenidorm.daliisolutions.com\/index.php\/wp-json\/wp\/v2\/comments?post=3904"}],"version-history":[{"count":0,"href":"https:\/\/serbenidorm.daliisolutions.com\/index.php\/wp-json\/wp\/v2\/posts\/3904\/revisions"}],"wp:featuredmedia":[{"embeddable":true,"href":"https:\/\/serbenidorm.daliisolutions.com\/index.php\/wp-json\/wp\/v2\/media\/3905"}],"wp:attachment":[{"href":"https:\/\/serbenidorm.daliisolutions.com\/index.php\/wp-json\/wp\/v2\/media?parent=3904"}],"wp:term":[{"taxonomy":"category","embeddable":true,"href":"https:\/\/serbenidorm.daliisolutions.com\/index.php\/wp-json\/wp\/v2\/categories?post=3904"},{"taxonomy":"post_tag","embeddable":true,"href":"https:\/\/serbenidorm.daliisolutions.com\/index.php\/wp-json\/wp\/v2\/tags?post=3904"}],"curies":[{"name":"wp","href":"https:\/\/api.w.org\/{rel}","templated":true}]}}