{"id":391,"date":"2023-12-06T08:50:26","date_gmt":"2023-12-06T07:50:26","guid":{"rendered":"https:\/\/serbenidorm.daliisolutions.com\/index.php\/2023\/12\/06\/abreca-negocia-que-la-ordenanza-de-benidorm-contemple-las-terrazas-por-metros-y-no-por-numero-de-mesas\/"},"modified":"2023-12-06T08:50:26","modified_gmt":"2023-12-06T07:50:26","slug":"abreca-negocia-que-la-ordenanza-de-benidorm-contemple-las-terrazas-por-metros-y-no-por-numero-de-mesas","status":"publish","type":"post","link":"https:\/\/serbenidorm.daliisolutions.com\/index.php\/2023\/12\/06\/abreca-negocia-que-la-ordenanza-de-benidorm-contemple-las-terrazas-por-metros-y-no-por-numero-de-mesas\/","title":{"rendered":"ABRECA negocia que la ordenanza de Benidorm contemple las terrazas por metros y no por n\u00famero de mesas"},"content":{"rendered":" Benidorm  La <a href=\"https:\/\/cadenaser.com\/comunitat-valenciana\/2023\/08\/28\/benidorm-aspira-a-elevar-su-concurso-de-cocktails-a-nivel-nacional-radio-benidorm\/\" target=\"_blank\" rel=\"noopener\">Asociaci\u00f3n de Bares, Restaurantes y Cafeter\u00edas de Benidorm y la Marina Baixa (ABRECA) <\/a>negocia con el Ayuntamiento de Benidorm que la nueva ordenanza reguladora de la ocupaci\u00f3n del espacio p\u00fablico contemple las terrazas de la hosteler\u00eda por metros cuadrados en lugar de por n\u00famero de mesas.  El portavoz de ABRECA, \u00c1lex Fratini, ha explicado a <a href=\"\/\/radiobenidorm.es\" rel=\"nofollow noopener\" target=\"_blank\">Hoy por Hoy Benidorm<\/a> que las negociaciones pasan por hacer que \u201clas terrazas sean sostenibles en el futuro\u201d y, para ello, \u201ctenemos que ser innovadores\u201d. La propuesta del sector hostelero y restaurador pasa por que la nueva ordenanza tenga en cuenta las particularidades de las diferentes tipolog\u00edas de locales. \u201c<a href=\"https:\/\/cadenaser.com\/comunitat-valenciana\/2023\/02\/07\/alex-fratini-benidorm-no-llora-benidorm-factura-radio-benidorm\/\" target=\"_blank\" rel=\"noopener\">Los locales son diferentes y tienen exigencias diferentes. <\/a>Los restaurantes necesitan mesas m\u00e1s grandes y las cafeter\u00edas mesas m\u00e1s peque\u00f1as y para poder aprovechar las terrazas la autorizaci\u00f3n tiene que darse por metros cuadrados\u201d, indica Fratini.  El objetivo es que la normativa se adapte a cada tipo de establecimiento y que \u201cse adapte a los nuevos tiempos\u201d. Fratini recuerda que la actual ordenanza tiene ya cerca de 20 a\u00f1os de antig\u00fcedad y \u201cest\u00e1 obsoleta\u201d.  Un 15% m\u00e1s de facturaci\u00f3n para el puente  En cuanto a las<a href=\"https:\/\/cadenaser.com\/comunitat-valenciana\/2022\/08\/13\/alex-frattini-tenemos-que-llenar-la-hucha-ahora-porque-en-invierno-no-sabemos-que-va-a-pasar-radio-benidorm\/\" target=\"_blank\" rel=\"noopener\"> previsiones de la hosteler\u00eda de Benidorm y comarca <\/a>para este puente de la Constituci\u00f3n, Fratini indica que desde ABRECA se tiene \u201cbuenas perspectivas\u201d y auguran un aumento en el nivel de facturaci\u00f3n de en torno a un 15% respecto al mismo periodo del a\u00f1o pasado.  El perfil de clientes previsto es de origen nacional, principalmente del centro de Espa\u00f1a. \u201cEl puente viene muy fuerte porque con un solo d\u00eda de vacaciones tenemos cinco d\u00edas libres\u201d, se\u00f1alan desde el colectivo. Adem\u00e1s los hosteleros tambi\u00e9n conf\u00edan en que los clientes que lleguen a la ciudad este puente terminen de llegar las \u00faltimas plazas disponibles para las comidas y cenas de Navidad y Nochevieja. \u201cNormalmente los turistas que vienen ahora vuelven en Navidad porque tienen segunda residencia\u201d, explica Fratini  Asimismo frente a un aluvi\u00f3n de reservas de \u00faltima hora del a\u00f1o pasado, este a\u00f1o las reservas se est\u00e1n realizando con m\u00e1s antelaci\u00f3n y de forma m\u00e1s escalonada. ABRECA estima que a este ritmo la mayor\u00eda de locales de restauraci\u00f3n de Benidorm colgar\u00e1n el cartel de \u201ccompleto\u201d para Navidad y Nochevieja.  Consolidaci\u00f3n del proceso de comarcalizaci\u00f3n  Entre los objetivos del colectivo para 2024 se encuentra consolidar el proceso de comarcalizaci\u00f3n iniciado este a\u00f1o y crecer en n\u00famero de socios para tener m\u00e1s fuerza. \u201cCon los servicios que ofrecemos estimamos que un socio se puede ahorrar m\u00e1s de 4.000 euros al a\u00f1o\u201d, concluye Fratini. ","protected":false},"excerpt":{"rendered":"<p>La hosteler\u00eda contempla facturar un 15% m\u00e1s este puente de la Constituci\u00f3n respecto al a\u00f1o pasado<\/p>\n","protected":false},"author":0,"featured_media":392,"comment_status":"open","ping_status":"open","sticky":false,"template":"","format":"standard","meta":{"_acf_changed":false,"footnotes":""},"categories":[1],"tags":[],"class_list":["post-391","post","type-post","status-publish","format-standard","has-post-thumbnail","hentry","category-sin-categoria"],"acf":{"ser_id":"C5PATISYENDOLF5GOW6LGLNXRM","ser_url":""},"_links":{"self":[{"href":"https:\/\/serbenidorm.daliisolutions.com\/index.php\/wp-json\/wp\/v2\/posts\/391","targetHints":{"allow":["GET"]}}],"collection":[{"href":"https:\/\/serbenidorm.daliisolutions.com\/index.php\/wp-json\/wp\/v2\/posts"}],"about":[{"href":"https:\/\/serbenidorm.daliisolutions.com\/index.php\/wp-json\/wp\/v2\/types\/post"}],"replies":[{"embeddable":true,"href":"https:\/\/serbenidorm.daliisolutions.com\/index.php\/wp-json\/wp\/v2\/comments?post=391"}],"version-history":[{"count":0,"href":"https:\/\/serbenidorm.daliisolutions.com\/index.php\/wp-json\/wp\/v2\/posts\/391\/revisions"}],"wp:featuredmedia":[{"embeddable":true,"href":"https:\/\/serbenidorm.daliisolutions.com\/index.php\/wp-json\/wp\/v2\/media\/392"}],"wp:attachment":[{"href":"https:\/\/serbenidorm.daliisolutions.com\/index.php\/wp-json\/wp\/v2\/media?parent=391"}],"wp:term":[{"taxonomy":"category","embeddable":true,"href":"https:\/\/serbenidorm.daliisolutions.com\/index.php\/wp-json\/wp\/v2\/categories?post=391"},{"taxonomy":"post_tag","embeddable":true,"href":"https:\/\/serbenidorm.daliisolutions.com\/index.php\/wp-json\/wp\/v2\/tags?post=391"}],"curies":[{"name":"wp","href":"https:\/\/api.w.org\/{rel}","templated":true}]}}