{"id":3931,"date":"2024-04-10T10:41:28","date_gmt":"2024-04-10T08:41:28","guid":{"rendered":"https:\/\/serbenidorm.daliisolutions.com\/index.php\/2024\/04\/10\/noelia-santacreu-se-hara-cargo-del-banquillo-del-hola-cv-benidorm\/"},"modified":"2024-04-10T10:41:28","modified_gmt":"2024-04-10T08:41:28","slug":"noelia-santacreu-se-hara-cargo-del-banquillo-del-hola-cv-benidorm","status":"publish","type":"post","link":"https:\/\/serbenidorm.daliisolutions.com\/index.php\/2024\/04\/10\/noelia-santacreu-se-hara-cargo-del-banquillo-del-hola-cv-benidorm\/","title":{"rendered":"Noelia Santacreu se har\u00e1 cargo del banquillo del Hola-CV Benidorm"},"content":{"rendered":"  <p><p><strong>Sigue el canal de la SER en WhatsApp<\/strong><br \/>Encontrar\u00e1s toda la informaci\u00f3n, el deporte y el entretenimiento: la actualidad del d\u00eda y las noticias de \u00faltima hora, los mejores v\u00eddeos y momentos de la radio, entrevistas, reportajes y mucho m\u00e1s.<\/p><a href=\"https:\/\/www.whatsapp.com\/channel\/0029Va633PF9WtC4l7XUzh1e\" title=\"Suscr\u00edbete\">Suscr\u00edbete ahora<\/a><\/p>   <p>Benidorm<\/p>   <p>Despu\u00e9s de oficializar <a href=\"https:\/\/cadenaser.com\/comunitat-valenciana\/2024\/04\/09\/nacho-madaleno-no-seguira-al-frente-del-holacv-benidorm-radio-benidorm\/\" target=\"_blank\" rel=\"noopener\">la marcha de Nacho Madaleno como entrenador<\/a> de su primer equipo femenino, el <a href=\"https:\/\/cadenaser.com\/tag\/club_voleibol_playas_benidorm\/a\/\" target=\"_blank\" rel=\"noopener\">Club Voleibol Playas de Benidorm<\/a> ha anunciado este mi\u00e9rcoles que ser\u00e1 la hasta ahora segunda entrenadora, Noelia Santacreu, la que se siente en el banquillo del HolaCV-Benidorm en la temporada 2024-2025.<\/p>   <p>Por lo tanto, esta decisi\u00f3n viene a confirmar una pol\u00edtica continuista por parte de la directiva del Club Voleibol Playas de Benidorm  con la que, pese a no haber logrado entrar en la fase de ascenso a la m\u00e1xima categor\u00eda esta temporada, pretenden mantener \u201cla buena din\u00e1mica del equipo en la categor\u00eda de plata del voleibol espa\u00f1ol y volver a pelear por disputar la fase de ascenso\u201d.<\/p>   <p>Noelia Santacreu conoce bien el club ya que lleg\u00f3 a Benidorm como jugadora en la temporada 1994-1995. En la temporada 2017-2018 se estren\u00f3 como entrenadora del club en categor\u00edas inferiores, tanto en categor\u00eda Alev\u00edn, Infantil y Cadete, logrando varias clasificaciones para Campeonatos de Espa\u00f1a.<\/p>   <p>Esta temporada est\u00e1 a cargo del equipo Infantil \u2018A\u2019 femenino Medina Hoteles que est\u00e1 luchando por alcanzar la Final Auton\u00f3mica este mismo mes de abril.<\/p>   <p>Por \u00faltimo ha sido escogida durante los tres \u00faltimos ejercicios por la Federaci\u00f3n Valenciana de Voleibol como miembro del cuerpo t\u00e9cnico de la selecci\u00f3n valenciana que participa en el CESA.<\/p>   <p>Junto a ella, el cuerpo t\u00e9cnico del HolaCV-Benidorm para la pr\u00f3xima temporada lo completar\u00e1, como ayudante y segunda entrenadora, Sonia Garc\u00eda, actual entrenadora del equipo cadete Benialex Benidorm.<\/p> ","protected":false},"excerpt":{"rendered":"<p>Sonia Garc\u00eda asumir\u00e1 el rol de segunda entrenadora del equipo femenino del Club Voleibol Playas de Benidorm<\/p>\n","protected":false},"author":0,"featured_media":3932,"comment_status":"open","ping_status":"open","sticky":false,"template":"","format":"standard","meta":{"_acf_changed":false,"footnotes":""},"categories":[16],"tags":[],"class_list":["post-3931","post","type-post","status-publish","format-standard","has-post-thumbnail","hentry","category-deportes"],"acf":{"ser_id":"STCXQOMF5ZGIVLW63NU6CBKHOM","ser_url":"https:\/\/cadenaser.com\/comunitat-valenciana\/2024\/04\/10\/noelia-santacreu-se-hara-cargo-del-banquillo-del-hola-cv-benidorm-radio-benidorm\/"},"_links":{"self":[{"href":"https:\/\/serbenidorm.daliisolutions.com\/index.php\/wp-json\/wp\/v2\/posts\/3931","targetHints":{"allow":["GET"]}}],"collection":[{"href":"https:\/\/serbenidorm.daliisolutions.com\/index.php\/wp-json\/wp\/v2\/posts"}],"about":[{"href":"https:\/\/serbenidorm.daliisolutions.com\/index.php\/wp-json\/wp\/v2\/types\/post"}],"replies":[{"embeddable":true,"href":"https:\/\/serbenidorm.daliisolutions.com\/index.php\/wp-json\/wp\/v2\/comments?post=3931"}],"version-history":[{"count":0,"href":"https:\/\/serbenidorm.daliisolutions.com\/index.php\/wp-json\/wp\/v2\/posts\/3931\/revisions"}],"wp:featuredmedia":[{"embeddable":true,"href":"https:\/\/serbenidorm.daliisolutions.com\/index.php\/wp-json\/wp\/v2\/media\/3932"}],"wp:attachment":[{"href":"https:\/\/serbenidorm.daliisolutions.com\/index.php\/wp-json\/wp\/v2\/media?parent=3931"}],"wp:term":[{"taxonomy":"category","embeddable":true,"href":"https:\/\/serbenidorm.daliisolutions.com\/index.php\/wp-json\/wp\/v2\/categories?post=3931"},{"taxonomy":"post_tag","embeddable":true,"href":"https:\/\/serbenidorm.daliisolutions.com\/index.php\/wp-json\/wp\/v2\/tags?post=3931"}],"curies":[{"name":"wp","href":"https:\/\/api.w.org\/{rel}","templated":true}]}}