{"id":3937,"date":"2024-04-10T13:55:22","date_gmt":"2024-04-10T11:55:22","guid":{"rendered":"https:\/\/serbenidorm.daliisolutions.com\/index.php\/2024\/04\/10\/de-pablo-lopez-a-pimpinela-estos-seran-los-conciertos-del-alicante-goldest-este-verano-en-benidorm\/"},"modified":"2024-04-10T13:55:22","modified_gmt":"2024-04-10T11:55:22","slug":"de-pablo-lopez-a-pimpinela-estos-seran-los-conciertos-del-alicante-goldest-este-verano-en-benidorm","status":"publish","type":"post","link":"https:\/\/serbenidorm.daliisolutions.com\/index.php\/2024\/04\/10\/de-pablo-lopez-a-pimpinela-estos-seran-los-conciertos-del-alicante-goldest-este-verano-en-benidorm\/","title":{"rendered":"De Pablo L\u00f3pez a Pimpinela, estos ser\u00e1n los conciertos del &#8216;Alicante Goldest&#8217; este verano en Benidorm"},"content":{"rendered":"  <p>Benidorm<\/p>   <p>La capital tur\u00edstica por excelencia es cada verano tambi\u00e9n capital de musicales. El Low, el Iberia o el Reggaeton Beach completan la agenda de conciertos con una amplia gama de estilos durante los meses de mayor afluencia y a ellos se suma ahora otro festival que se celebra a caballo entre dos sedes, el Auditorio Julio Iglesias y la Plaza de Toros de Alicante capital.<\/p>   <p>Se llama <a href=\"https:\/\/cadenaser.com\/tag\/benidorm\/a\/\" target=\"_blank\" rel=\"noopener\">&#8216;Alicante Goldest&#8217;<\/a> y propone para este a\u00f1o en el recinto del parque de l&#8217;Aig\u00fcera de Benidorm cinco actuaciones. La primera ser\u00e1 la de el domingo 16 de junio con &#8216;Status Quo&#8217;, una banda brit\u00e1nica de rock fundada en Londres en 1962 y autora de himnos como \u00abIn the army now\u00bb.<\/p>  <p><p>M\u00e1s informaci\u00f3n<\/p><figure><img decoding=\"async\" src=\"https:\/\/cadenaser.com\/resizer\/9jk7jS9hSFk3dDekP5jwcV61qRc=\/650x366\/filters:quality(70)\/cloudfront-eu-central-1.images.arcpublishing.com\/prisaradio\/44O35WVSTRA45NGYVZJ6WMWX3Y.jpg\" loading=\"lazy\" width=\"828\" height=\"621\" \/><\/figure><ul><li><a href=\"https:\/\/cadenaser.com\/comunitat-valenciana\/2024\/03\/07\/low-festival-2024-anuncia-a-los-planetas-celebrando-30-anos-de-super-8-disco-clave-de-toda-una-generacion-radio-alicante\/\">Low Festival 2024 anuncia a &#8216;Los Planetas&#8217; celebrando 30 a\u00f1os de S\u00faper 8, disco clave de toda una generaci\u00f3n<\/a><\/li><\/ul><\/p>   <p>El mi\u00e9rcoles 7 de agosto llegar\u00e1 otro de los platos fuertes: <a href=\"https:\/\/cadenaser.com\/tag\/pablo_lopez\/a\/\" target=\"_blank\" rel=\"noopener\">Pablo L\u00f3pez<\/a>. El artista malague\u00f1o, que se dio a conocer a nivel nacional tras su paso por la sexta edici\u00f3n del programa de televisi\u00f3n <i>Operaci\u00f3n Triunfo<\/i>, acumula \u00e9xitos de ventas y premios como los tres <i>Los 40 Music Awards <\/i>que ya ha recibido.<\/p>   <p>El jueves 8 de agosto ser\u00e1 el turno del gaditano Anto\u00f1ito Molina, una de las revelaciones del panorama musical espa\u00f1ol gracias a canciones como \u00abYo soy pa ti\u00bb, \u00abMe estoy volviendo loco\u00bb o \u00abHubo un tiempo\u00bb.<\/p>   <p><div><iframe loading=\"lazy\" width=\"560\" height=\"315\" src=\"https:\/\/www.youtube.com\/embed\/4gBc-hSNCos?feature=oembed\" frameborder=\"0\" allow=\"accelerometer; autoplay; clipboard-write; encrypted-media; gyroscope; picture-in-picture; web-share\" allowfullscreen title=\"Anto\u00f1ito Molina - Y Te Voy A Querer (V\u00eddeo Oficial)\"><\/iframe><\/div><\/p>   <p>El viernes 9 de agosto un viaje al pasado con un d\u00fao imperecedero,<a href=\"https:\/\/cadenaser.com\/tag\/pimpinela\/a\/\" target=\"_blank\" rel=\"noopener\"> &#8216;Pimpinela&#8217;<\/a>. Con una trayectoria art\u00edstica de m\u00e1s de 40 a\u00f1os este d\u00fao argentino ha editado veinticuatro discos por los que han recibido un centenar de discos entre oro, platino y diamante.<\/p>   <p>El martes 16 de agosto la propuesta para cerrar el ciclo es &#8216;Earth, Wind and Fire Experience&#8217;, que interpretar\u00e1 canciones tan conocidas del grupo ochentero como Let&#8217;s Groove, Boogie Wonderland o September que tiene actualmente m\u00e1s de 1,3 billones de escuchas en Spotify. Canciones caracterizadas por sus ritmos de Blues, R&amp;B Soul o Funk rock.<\/p>   <p>\u00bfC\u00f3mo conseguir las entradas?<\/p>   <p>Las entradas ya est\u00e1n disponibles en la <a href=\"https:\/\/alicantegoldest.com\/benidorm\/\" rel=\"nofollow noopener\" target=\"_blank\">p\u00e1gina web oficial del festival<\/a> y su precio va desde los 40 hasta los 80 euros aproximadamente seg\u00fan el concierto y la ubicaci\u00f3n en el auditorio.<\/p> ","protected":false},"excerpt":{"rendered":"<p>Un festival entre el Auditorio Julio Iglesias y la Plaza de Toros de Alicante<\/p>\n","protected":false},"author":0,"featured_media":3938,"comment_status":"open","ping_status":"open","sticky":false,"template":"","format":"standard","meta":{"_acf_changed":false,"footnotes":""},"categories":[1],"tags":[],"class_list":["post-3937","post","type-post","status-publish","format-standard","has-post-thumbnail","hentry","category-sin-categoria"],"acf":{"ser_id":"BB3F56RJOFF3FCDSAEXKZ6B64A","ser_url":"https:\/\/cadenaser.com\/comunitat-valenciana\/2024\/04\/10\/de-pablo-lopez-a-pimpinela-estos-seran-los-conciertos-del-alicante-goldest-este-verano-en-benidorm-radio-benidorm\/"},"_links":{"self":[{"href":"https:\/\/serbenidorm.daliisolutions.com\/index.php\/wp-json\/wp\/v2\/posts\/3937","targetHints":{"allow":["GET"]}}],"collection":[{"href":"https:\/\/serbenidorm.daliisolutions.com\/index.php\/wp-json\/wp\/v2\/posts"}],"about":[{"href":"https:\/\/serbenidorm.daliisolutions.com\/index.php\/wp-json\/wp\/v2\/types\/post"}],"replies":[{"embeddable":true,"href":"https:\/\/serbenidorm.daliisolutions.com\/index.php\/wp-json\/wp\/v2\/comments?post=3937"}],"version-history":[{"count":0,"href":"https:\/\/serbenidorm.daliisolutions.com\/index.php\/wp-json\/wp\/v2\/posts\/3937\/revisions"}],"wp:featuredmedia":[{"embeddable":true,"href":"https:\/\/serbenidorm.daliisolutions.com\/index.php\/wp-json\/wp\/v2\/media\/3938"}],"wp:attachment":[{"href":"https:\/\/serbenidorm.daliisolutions.com\/index.php\/wp-json\/wp\/v2\/media?parent=3937"}],"wp:term":[{"taxonomy":"category","embeddable":true,"href":"https:\/\/serbenidorm.daliisolutions.com\/index.php\/wp-json\/wp\/v2\/categories?post=3937"},{"taxonomy":"post_tag","embeddable":true,"href":"https:\/\/serbenidorm.daliisolutions.com\/index.php\/wp-json\/wp\/v2\/tags?post=3937"}],"curies":[{"name":"wp","href":"https:\/\/api.w.org\/{rel}","templated":true}]}}