{"id":3957,"date":"2024-04-10T20:31:13","date_gmt":"2024-04-10T18:31:13","guid":{"rendered":"https:\/\/serbenidorm.daliisolutions.com\/index.php\/2024\/04\/10\/el-consorcio-de-aguas-de-la-marina-baixa-descarta-restricciones-durante-2024-a-pesar-de-la-sequia\/"},"modified":"2024-04-10T20:31:13","modified_gmt":"2024-04-10T18:31:13","slug":"el-consorcio-de-aguas-de-la-marina-baixa-descarta-restricciones-durante-2024-a-pesar-de-la-sequia","status":"publish","type":"post","link":"https:\/\/serbenidorm.daliisolutions.com\/index.php\/2024\/04\/10\/el-consorcio-de-aguas-de-la-marina-baixa-descarta-restricciones-durante-2024-a-pesar-de-la-sequia\/","title":{"rendered":"El Consorcio de Aguas de la Marina Baixa descarta restricciones durante 2024 a pesar de la sequ\u00eda"},"content":{"rendered":"  <p>Benidorm<\/p>   <p>La Marina Baixa ha entrado en alerta t\u00e9cnica por sequ\u00eda desde este mi\u00e9rcoles 10 de abril, ante la falta de precipitaciones de este invierno. As\u00ed lo ha confirmado en La Ventana de la Marina Baixa el director del Consorcio de Aguas de la Marina Baixa, <a href=\"https:\/\/cadenaser.com\/tag\/comarca_la_marina_baixa\/a\/\" target=\"_blank\" rel=\"noopener\">Jaime Berenguer<\/a>, tras analizar los datos de las reservas h\u00eddricas del d\u00eda.<\/p>   <p>Seg\u00fan explica Berenguer, \u201cen octubre del a\u00f1o pasado entramos en lo que se llama prealerta t\u00e9cnica.  Dos meses despu\u00e9s, en diciembre, entramos en prealerta y el indicador de hoy nos hace entrar en alerta t\u00e9cnica\u201d. Adem\u00e1s, indica que si no se producen lluvias esta primavera la comarca entrar\u00eda \u201cen el peor de los  escenarios y a finales del mes de junio o principios  del mes de julio, entrar\u00edamos en emergencia\u201d.<\/p>  <p><p>M\u00e1s informaci\u00f3n<\/p><figure><img decoding=\"async\" src=\"https:\/\/cadenaser.com\/resizer\/yt2HgIG5-P53Gq6YSbr0XamLQ5I=\/650x366\/filters:quality(70)\/cloudfront-eu-central-1.images.arcpublishing.com\/prisaradio\/K2JF7TCNVZCKTO3667N5XDINQA.jpg\" loading=\"lazy\" width=\"828\" height=\"621\" \/><\/figure><ul><li><a href=\"https:\/\/cadenaser.com\/comunitat-valenciana\/2024\/04\/08\/nuevo-corte-del-tram-entre-benidorm-y-denia-durante-cinco-meses-radio-benidorm\/\">Nuevo corte del TRAM entre Benidorm y D\u00e9nia durante cinco meses<\/a><\/li><\/ul><\/p>   <p>A\u00fan as\u00ed el director del Consorcio afirma que el agua est\u00e1 garantizada para  todo este 2024 y descarta que vaya a producirse restricci\u00f3n alguna a lo largo del a\u00f1o. \u201cEn la  Marina Baixa hemos hecho grandes inversiones, grandes obras, hemos  planificado muchas infraestructuras, tenemos un sistema complejo y sobredimensionado y en el corto plazo podemos aguantar periodos secos de hasta un a\u00f1o\u201d, explica.<\/p>   <p>El Consorcio de Aguas de la Marina Baixa gestiona aguas procedentes de sistemas subterr\u00e1neos, superficiales y de aguas reutilizadas a los que se ha incorporado el agua desalada. \u201cDesde 1997 estamos interconectados, tenemos tanto recursos propios como los que puedan venir del exterior para las necesidades podamos tener\u201d por lo que descarga un escenario con restricciones h\u00eddricas.<\/p>   <p>Posibles soluciones<\/p>   <p>A\u00fan as\u00ed Berenguer aboga por seguir invirtiendo en infraestructuras y soluciones que no hagan depender a la Marina Baixa s\u00f3lo del agua que cae del cielo. Es decir, sumar a  esos aportes los que puedan venir del agua desalada y, sobre todo, de la reutilizaci\u00f3n.<\/p>   <p>Por ello pide tambi\u00e9n reducir los resguardos de los embalses para evitar desembalsar agua al mar que, posteriormente, pueda ser necesaria en periodos de sequ\u00eda. Los resguardos, es decir, la cantidad m\u00e1xima que se permite embalsar en un pantano en previsi\u00f3n de que una aportaci\u00f3n torrencial pueda llevar a la  presa a un riesgo estructural debido a que el pantano se vea sobrepasado, son diferentes en cada mes del a\u00f1o. La  normativa que los delimita tiene ya muchos a\u00f1os y desde el Consorcio de Aguas de la Marina Baixa reclaman que se actualice en funci\u00f3n de las necesidades actuales.<\/p>   <p>Seg\u00fan Jaime Berenguer, \u201cno hace mucho, entre marzo y septiembre de 2022, se perdieron casi 92 hect\u00f3metros c\u00fabicos y vaciamos del orden de 10 o 12 hect\u00f3metros c\u00fabicos en las  presas de Guadalest y Amadorio\u201d. Todo ello, para respetar esos l\u00edmites m\u00e1ximos exigidos por la normativa.<\/p>   <p>El director del Consorcio considera que \u201csi hubi\u00e9semos podido ahorrar, por ejemplo, cinco de esos hect\u00f3metros c\u00fabicos, ahora mismo la Marina Baixa estar\u00eda en un r\u00e9gimen de normalidad. Entonces, hay que buscar soluciones\u201d, conclu\u00eda.<\/p> ","protected":false},"excerpt":{"rendered":"<p>Su director analiza la situaci\u00f3n en los n\u00facleos urbanos y en el campo<\/p>\n","protected":false},"author":0,"featured_media":3958,"comment_status":"open","ping_status":"open","sticky":false,"template":"","format":"standard","meta":{"_acf_changed":false,"footnotes":""},"categories":[1],"tags":[],"class_list":["post-3957","post","type-post","status-publish","format-standard","has-post-thumbnail","hentry","category-sin-categoria"],"acf":{"ser_id":"5ZECHHLHXZD7JIWK6AQZEOTZY4","ser_url":"https:\/\/cadenaser.com\/comunitat-valenciana\/2024\/04\/10\/el-consorcio-de-aguas-de-la-marina-baixa-descarta-restricciones-durante-2024-a-pesar-de-la-sequia-radio-benidorm\/"},"_links":{"self":[{"href":"https:\/\/serbenidorm.daliisolutions.com\/index.php\/wp-json\/wp\/v2\/posts\/3957","targetHints":{"allow":["GET"]}}],"collection":[{"href":"https:\/\/serbenidorm.daliisolutions.com\/index.php\/wp-json\/wp\/v2\/posts"}],"about":[{"href":"https:\/\/serbenidorm.daliisolutions.com\/index.php\/wp-json\/wp\/v2\/types\/post"}],"replies":[{"embeddable":true,"href":"https:\/\/serbenidorm.daliisolutions.com\/index.php\/wp-json\/wp\/v2\/comments?post=3957"}],"version-history":[{"count":0,"href":"https:\/\/serbenidorm.daliisolutions.com\/index.php\/wp-json\/wp\/v2\/posts\/3957\/revisions"}],"wp:featuredmedia":[{"embeddable":true,"href":"https:\/\/serbenidorm.daliisolutions.com\/index.php\/wp-json\/wp\/v2\/media\/3958"}],"wp:attachment":[{"href":"https:\/\/serbenidorm.daliisolutions.com\/index.php\/wp-json\/wp\/v2\/media?parent=3957"}],"wp:term":[{"taxonomy":"category","embeddable":true,"href":"https:\/\/serbenidorm.daliisolutions.com\/index.php\/wp-json\/wp\/v2\/categories?post=3957"},{"taxonomy":"post_tag","embeddable":true,"href":"https:\/\/serbenidorm.daliisolutions.com\/index.php\/wp-json\/wp\/v2\/tags?post=3957"}],"curies":[{"name":"wp","href":"https:\/\/api.w.org\/{rel}","templated":true}]}}