{"id":3959,"date":"2024-04-11T07:00:16","date_gmt":"2024-04-11T05:00:16","guid":{"rendered":"https:\/\/serbenidorm.daliisolutions.com\/index.php\/2024\/04\/11\/el-tm-benidorm-se-queda-a-las-puertas-de-su-tercera-fase-final-de-copa\/"},"modified":"2024-04-11T07:00:16","modified_gmt":"2024-04-11T05:00:16","slug":"el-tm-benidorm-se-queda-a-las-puertas-de-su-tercera-fase-final-de-copa","status":"publish","type":"post","link":"https:\/\/serbenidorm.daliisolutions.com\/index.php\/2024\/04\/11\/el-tm-benidorm-se-queda-a-las-puertas-de-su-tercera-fase-final-de-copa\/","title":{"rendered":"El TM Benidorm se queda a las puertas de su tercera fase final de Copa"},"content":{"rendered":"  <p>Benidorm<\/p>   <p>El TM Benidorm y el Cuenca se citaron, como en los m\u00e1s cl\u00e1sicos del \u2018western\u2019, al atardecer para un duelo en el que el bot\u00edn era, ni m\u00e1s ni menos, que el pase a la fase final de la Copa del Rey. Un partido de necesidades al que comparec\u00edan un conjunto local deprimido tras <a href=\"https:\/\/cadenaser.com\/comunitat-valenciana\/2024\/04\/08\/el-tm-benidorm-se-deja-ante-valladolid-parte-de-su-sueno-europeo-radio-benidorm\/\">los \u00faltimos tropiezos<\/a> y un equipo visitante que, hundido en la tabla, s\u00f3lo pod\u00eda maquillar su campa\u00f1a meti\u00e9ndose entre los ocho mejores del torneo del KO. Un choque del que, a la postre, el <a href=\"https:\/\/cadenaser.com\/tag\/club_balonmano_benidorm\/a\/\">TM Benidorm<\/a>sali\u00f3 trasquilado y sin premio.<\/p>  <p><p>M\u00e1s informaci\u00f3n<\/p><figure><img decoding=\"async\" src=\"https:\/\/cadenaser.com\/resizer\/ofreDeKF6wBUGadfOHjFTYo31X8=\/650x366\/filters:quality(70)\/cloudfront-eu-central-1.images.arcpublishing.com\/prisaradio\/HNRTPXNP55BF5BGB4SH6MBCMOM.jpg\" loading=\"lazy\" width=\"828\" height=\"621\" \/><\/figure><ul><li><a href=\"https:\/\/cadenaser.com\/comunitat-valenciana\/2024\/04\/03\/esta-sera-la-plantilla-del-tm-benidorm-para-la-temporada-2024-2025-radio-benidorm\/\">Esta ser\u00e1 la plantilla del TM Benidorm para la temporada 2024-2025<\/a><\/li><\/ul><\/p>   <p>Todo empez\u00f3 mal para los intereses locales. El BM Cuenca encontr\u00f3 f\u00e1cil la porter\u00eda contraria y ya en las dos primeras jugadas puso tierra de por medio antes de que un equipo local negado en la punter\u00eda contara con dos penaltis a favor para igualar la contienda y, al menos, poder reiniciar la cosa antes de que la hemorragia fuera mortal de necesidad.<\/p>   <p>Las dos penas m\u00e1ximas, convertidas por Nacho Valles, terminaron de despertar a un TM Benidorm que en ese momento comenz\u00f3 a dar su mejor cara. La de las transiciones r\u00e1pidas, los aciertos en la porter\u00eda contraria y, sobre todo, la contundencia defensiva que desbaratar\u00eda a un Cuenca que ve\u00eda que esa veta de metal precioso que hab\u00eda podido explotar en los primeros minutos se agotaba sin remedio.<\/p>   <p><a href=\"https:\/\/cadenaser.com\/comunitat-valenciana\/2024\/04\/03\/esta-sera-la-plantilla-del-tm-benidorm-para-la-temporada-2024-2025-radio-benidorm\/\">Samu Ib\u00e1\u00f1ez<\/a>, titular en esta ocasi\u00f3n, se convirti\u00f3 en el muro bajo palos que el TM Benidorm necesitaba en los momentos clave y as\u00ed, evitando que Cuenca se sintiera c\u00f3modo, se llegar\u00eda al ecuador de la primera mitad con una renta de tres goles (8-5) que, visto lo visto sobre el 40&#215;20, parec\u00eda incluso demasiado escasa, pero suficiente como para que el entrenador visitante se viera obligado a pedir el primer tiempo muerto del encuentro.<\/p>   <p>Pero superado ese bache inicial, nada pod\u00eda ya parar a un TM Benidorm con ganas de gustar y gustarse. Con la ilusi\u00f3n de meterse en la fase final de la Copa por tercera vez en su historia y, sobre todo, de darse un muy necesitado chute de moral tras las dos dolorosas experiencias ante Torrelavega y Valladolid antes de viajar este fin de semana a su cancha maldita de Logro\u00f1o, el equipo local puso la directa para abrir un hueco m\u00e1s o menos definitivo en el marcador, aunque al descanso hubo de conformarse con un nada definitivo 17-13.<\/p>   <p>La segunda mitad, sin embargo, arranc\u00f3 como un calco de la primera y en s\u00f3lo cinco minutos los locales vieron como el Cuenca se colocaba a un solo gol de distancia (17-16) obligando a Sergio Carballeira a parar el partido en busca de una soluci\u00f3n urgente.<\/p>  <p><p>M\u00e1s informaci\u00f3n<\/p><figure><img decoding=\"async\" src=\"https:\/\/cadenaser.com\/resizer\/r51_LToI21hifPHuUTiSpoSEMKs=\/650x366\/filters:quality(70)\/cloudfront-eu-central-1.images.arcpublishing.com\/prisaradio\/QXHB5ML3XRGNFNOOUYUI7L7OOQ.jpg\" loading=\"lazy\" width=\"828\" height=\"621\" \/><\/figure><ul><li><a href=\"https:\/\/cadenaser.com\/comunitat-valenciana\/2023\/09\/05\/todos-los-partidos-los-horarios-y-los-resultados-del-tm-benidorm-2023-2024-radio-benidorm\/\">Todos los partidos, los horarios y los resultados del TM Benidorm 2023-2024<\/a><\/li><\/ul><\/p>   <p>El remedio no dio resultado y s\u00f3lo cinco minutos m\u00e1s tarde, en el diez de la segunda parte, Cuenca se volv\u00eda a poner en cabeza (18-19) haciendo aparecer todos los fantasmas en un Palau d\u2019Esports.<\/p>   <p>Mientras los visitantes segu\u00edan enchufados, el TM Benidorm consigui\u00f3, al menos, acelerar de nuevo en ataque para mantenerse siempre en el entorno del empate hasta que Carballeira trat\u00f3 de cambiar la din\u00e1mica del asunto sentando a Samu Ib\u00e1\u00f1ez y dando entrada a Witkowski en la porter\u00eda justo cuando se iniciaba el cuarto de hora final del partido (22-22).<\/p>   <p>Pero ni Ib\u00e1\u00f1ez era el problema, ni el cancerbero polaco era la soluci\u00f3n. El TM Benidorm, sencillamente, parece haber llegado a esta fase final de la temporada siendo incapaz de cerrar los partidos sin, como m\u00ednimo, exponerse a s\u00ed mismo y a su afici\u00f3n a un sufrimiento extremo.<\/p>   <p>Y as\u00ed, dando las peores sensaciones de toda la tarde, el TM Benidorm entr\u00f3 en los diez minutos finales con dos tantos de desventaja (25-27) y hundi\u00e9ndose en cada jugada un poco m\u00e1s en sus propios fantasmas.<\/p>   <p>Ni el casi siempre infalible Juan Carlos Sempere, un seguro en el extremo, tuvo su tarde. Dos jugadas consecutivas tuvo el argentino para solucionar las cosas y las dos veces err\u00f3 en su intenci\u00f3n, una situaci\u00f3n que le dio alas a un Cuenca que ya no volver\u00eda a soltar la presa que tanto le hab\u00eda costado conseguir para terminar obteniendo el pasaporte a la fase final de la Copa del Rey por un marcador de 30-32.<\/p> ","protected":false},"excerpt":{"rendered":"<p>El equipo del Palau d\u2019Esports dilapid\u00f3 en una mala segunda mitad la renta obtenida en la primera<\/p>\n","protected":false},"author":0,"featured_media":3960,"comment_status":"open","ping_status":"open","sticky":false,"template":"","format":"standard","meta":{"_acf_changed":false,"footnotes":""},"categories":[16],"tags":[],"class_list":["post-3959","post","type-post","status-publish","format-standard","has-post-thumbnail","hentry","category-deportes"],"acf":{"ser_id":"4G543VUN7ZF6RB2UFHXWPRLNNA","ser_url":"https:\/\/cadenaser.com\/comunitat-valenciana\/2024\/04\/10\/el-tm-benidorm-se-queda-a-las-puertas-de-su-tercera-fase-final-de-copa-radio-benidorm\/"},"_links":{"self":[{"href":"https:\/\/serbenidorm.daliisolutions.com\/index.php\/wp-json\/wp\/v2\/posts\/3959","targetHints":{"allow":["GET"]}}],"collection":[{"href":"https:\/\/serbenidorm.daliisolutions.com\/index.php\/wp-json\/wp\/v2\/posts"}],"about":[{"href":"https:\/\/serbenidorm.daliisolutions.com\/index.php\/wp-json\/wp\/v2\/types\/post"}],"replies":[{"embeddable":true,"href":"https:\/\/serbenidorm.daliisolutions.com\/index.php\/wp-json\/wp\/v2\/comments?post=3959"}],"version-history":[{"count":0,"href":"https:\/\/serbenidorm.daliisolutions.com\/index.php\/wp-json\/wp\/v2\/posts\/3959\/revisions"}],"wp:featuredmedia":[{"embeddable":true,"href":"https:\/\/serbenidorm.daliisolutions.com\/index.php\/wp-json\/wp\/v2\/media\/3960"}],"wp:attachment":[{"href":"https:\/\/serbenidorm.daliisolutions.com\/index.php\/wp-json\/wp\/v2\/media?parent=3959"}],"wp:term":[{"taxonomy":"category","embeddable":true,"href":"https:\/\/serbenidorm.daliisolutions.com\/index.php\/wp-json\/wp\/v2\/categories?post=3959"},{"taxonomy":"post_tag","embeddable":true,"href":"https:\/\/serbenidorm.daliisolutions.com\/index.php\/wp-json\/wp\/v2\/tags?post=3959"}],"curies":[{"name":"wp","href":"https:\/\/api.w.org\/{rel}","templated":true}]}}