{"id":3969,"date":"2024-04-11T12:30:48","date_gmt":"2024-04-11T10:30:48","guid":{"rendered":"https:\/\/serbenidorm.daliisolutions.com\/index.php\/2024\/04\/11\/altea-acoge-este-fin-de-semana-las-finales-autonomicas-juveniles-de-balonmano\/"},"modified":"2024-04-11T12:30:48","modified_gmt":"2024-04-11T10:30:48","slug":"altea-acoge-este-fin-de-semana-las-finales-autonomicas-juveniles-de-balonmano","status":"publish","type":"post","link":"https:\/\/serbenidorm.daliisolutions.com\/index.php\/2024\/04\/11\/altea-acoge-este-fin-de-semana-las-finales-autonomicas-juveniles-de-balonmano\/","title":{"rendered":"Altea acoge este fin de semana las finales auton\u00f3micas juveniles de balonmano"},"content":{"rendered":"  <p>Benidorm<\/p>   <p>Hace ya medio siglo que un grupo de entusiastas pusieron la semilla, con la fundaci\u00f3n del Club Balonmano Altea, de la pasi\u00f3n por este deporte en la comarca de la Marina Baixa. Aquel club, que con el tiempo acabar\u00eda asent\u00e1ndose en la Liga Asobal y que se proclamar\u00eda subcampe\u00f3n de la Copa EHF europea, termin\u00f3 por desaparecer, pero su legado no tard\u00f3 en ser recogido por el Club Esportiu Villa Blanca, que hoy en d\u00eda se enfoca, sobre todas las cosas, en fomentar el balonmano en las categor\u00edas de base.<\/p>   <p>Su presidenta, Selina Krijt, acompa\u00f1ada por el coordinador del club, Carlos Ramos, fueron los protagonistas del espacio que cada semana SER Deportivos Marina Baixa dedica al deporte base. En esta ocasi\u00f3n, la conversaci\u00f3n no s\u00f3lo se centr\u00f3 en esas finales auton\u00f3micas, sino tambi\u00e9n en la gran labor que viene haciendo el Club Esportiu Villa Blanca con los m\u00e1s peque\u00f1os.<\/p> ","protected":false},"excerpt":{"rendered":"<p>Garganes ser\u00e1 escenario, adem\u00e1s, de un torneo auton\u00f3mico de balonmano inclusivo<\/p>\n","protected":false},"author":0,"featured_media":3970,"comment_status":"open","ping_status":"open","sticky":false,"template":"","format":"standard","meta":{"_acf_changed":false,"footnotes":""},"categories":[16],"tags":[],"class_list":["post-3969","post","type-post","status-publish","format-standard","has-post-thumbnail","hentry","category-deportes"],"acf":{"ser_id":"CDQPTYRE3BHDXFGY3EBFAGJ5BU","ser_url":"https:\/\/cadenaser.com\/comunitat-valenciana\/2024\/04\/11\/altea-acoge-este-fin-de-semana-las-finales-autonomicas-juveniles-de-balonmano-radio-benidorm\/"},"_links":{"self":[{"href":"https:\/\/serbenidorm.daliisolutions.com\/index.php\/wp-json\/wp\/v2\/posts\/3969","targetHints":{"allow":["GET"]}}],"collection":[{"href":"https:\/\/serbenidorm.daliisolutions.com\/index.php\/wp-json\/wp\/v2\/posts"}],"about":[{"href":"https:\/\/serbenidorm.daliisolutions.com\/index.php\/wp-json\/wp\/v2\/types\/post"}],"replies":[{"embeddable":true,"href":"https:\/\/serbenidorm.daliisolutions.com\/index.php\/wp-json\/wp\/v2\/comments?post=3969"}],"version-history":[{"count":0,"href":"https:\/\/serbenidorm.daliisolutions.com\/index.php\/wp-json\/wp\/v2\/posts\/3969\/revisions"}],"wp:featuredmedia":[{"embeddable":true,"href":"https:\/\/serbenidorm.daliisolutions.com\/index.php\/wp-json\/wp\/v2\/media\/3970"}],"wp:attachment":[{"href":"https:\/\/serbenidorm.daliisolutions.com\/index.php\/wp-json\/wp\/v2\/media?parent=3969"}],"wp:term":[{"taxonomy":"category","embeddable":true,"href":"https:\/\/serbenidorm.daliisolutions.com\/index.php\/wp-json\/wp\/v2\/categories?post=3969"},{"taxonomy":"post_tag","embeddable":true,"href":"https:\/\/serbenidorm.daliisolutions.com\/index.php\/wp-json\/wp\/v2\/tags?post=3969"}],"curies":[{"name":"wp","href":"https:\/\/api.w.org\/{rel}","templated":true}]}}