{"id":3974,"date":"2024-04-11T14:22:52","date_gmt":"2024-04-11T12:22:52","guid":{"rendered":"https:\/\/serbenidorm.daliisolutions.com\/index.php\/2024\/04\/11\/benidorm-reune-a-lo-mejor-de-la-industria-del-corto-nacional-e-internacional-en-el-viii-edicion-skyline-film-festival\/"},"modified":"2024-04-11T14:22:52","modified_gmt":"2024-04-11T12:22:52","slug":"benidorm-reune-a-lo-mejor-de-la-industria-del-corto-nacional-e-internacional-en-el-viii-edicion-skyline-film-festival","status":"publish","type":"post","link":"https:\/\/serbenidorm.daliisolutions.com\/index.php\/2024\/04\/11\/benidorm-reune-a-lo-mejor-de-la-industria-del-corto-nacional-e-internacional-en-el-viii-edicion-skyline-film-festival\/","title":{"rendered":"Benidorm re\u00fane a lo mejor de la industria del \u2018corto\u2019 nacional e internacional en el VIII edici\u00f3n Skyline Film Festival"},"content":{"rendered":"  <p>Benidorm<\/p>   <p>La ciudad de Benidorm reunir\u00e1, del 13 al 20 de abril, a lo mejor de la industria del cortometraje nacional e internacional en la octava edici\u00f3n del <a href=\"https:\/\/cadenaser.com\/comunitat-valenciana\/2023\/02\/21\/el-skyline-benidorm-film-festival-presenta-su-nueva-imagen-para-su-septima-edicion-radio-benidorm\/\" target=\"_blank\" rel=\"noopener\">Skyline Benidorm Film Festival<\/a>, un evento que arranca este s\u00e1bado y que durante toda una semana aglutinar\u00e1 talleres, encuentros con creadores, proyecciones de cortometrajes y un sinf\u00edn de actividades paralelas destinadas a fomentar el intercambio de ideas y el desarrollo de nuevos talentos.<\/p>   <p>La directora del festival, <a href=\"https:\/\/cadenaser.com\/audio\/1676962480569\/\" target=\"_blank\" rel=\"noopener\">Bea Hern\u00e1ndez<\/a>, ha explicado a <a href=\"\/\/radiobenidorm.es\" rel=\"nofollow noopener\" target=\"_blank\">Hoy por Hoy Benidorm <\/a>que en la Secci\u00f3n Oficial este a\u00f1o compiten 26 cortometrajes y que tambi\u00e9n se ha previsto una programaci\u00f3n paralela. \u00abHabr\u00e1 espacio para secciones paralelas y tambi\u00e9n para actividades especiales. Tendremos dos secciones internacionales que destacan lo mejor del panorama iberoamericano y europeo del cortometraje y hemos reservado un espacio especial para j\u00f3venes realizadores, con un enfoque en obras de inter\u00e9s social que abordan temas como la igualdad de g\u00e9nero y la integraci\u00f3n\u00bb.<\/p>   <p>Adem\u00e1s tambi\u00e9n se incluye en la programaci\u00f3n del mon\u00f3logo \u2018Spoiler: Una obsessi\u00f3 de cine\u2019 a cargo del humorista alcoyano con Xavi Castillo y se entregar\u00e1 el Premio Skyliner 2024 al actor Miguel Rell\u00e1n, en reconocimiento a su prol\u00edfica carrera en el cine espa\u00f1ol.<\/p>   <p>En esta octava edici\u00f3n, el festival mantiene la que es su se\u00f1a de identidad desde el primer a\u00f1o: el pago por selecci\u00f3n de 200 euros para cada uno de los cortometrajes que compiten en la<a href=\"https:\/\/cadenaser.com\/comunitat-valenciana\/2023\/03\/24\/el-skyline-benidorm-film-festival-vuelve-clasificando-para-los-goya-y-con-cifras-de-record-radio-benidorm\/\" target=\"_blank\" rel=\"noopener\"> Secci\u00f3n Oficial Nacional. <\/a>Adem\u00e1s, los ganadores al mejor corto de Ficci\u00f3n, Documental y Animaci\u00f3n recibir\u00e1n 500 euros.<\/p>   <p>Por otro lado, y gracias a un convenio con DAMA, el festival tambi\u00e9n otorgar\u00e1 este a\u00f1o un premio de 1.500 euros al mejor guion de cortometraje, al que optan 15 finalistas, elegidos entre los 328 que se hab\u00edan inscritos. Y, una vez m\u00e1s, tambi\u00e9n habr\u00e1 un premio para el mejor \u2018Shortpitch\u2019, o proyecto de cortometraje en desarrollo, secci\u00f3n en la que compiten otras 12 obras finalistas y que aportar\u00e1 un premio en especie para viabilizar su rodaje, que est\u00e1 valorado en 15.000 euros.<\/p>   <p>Cine inclusivo<\/p>   <p>Una de las grandes novedades con las que contar\u00e1 esta octava edici\u00f3n del Skyline Benidorm Film Festival es la oferta de \u2018Cine para Todos\u2019, una iniciativa que marca un hito en lo que accesibilidad se refiere, con el objetivo de fomentar la inclusi\u00f3n de personas con discapacidad visual. Se realizar\u00e1 en colaboraci\u00f3n con la ONCE y consiste en ofrecer proyecciones con audiodescripciones y actividades adaptadas para permitir que m\u00e1s gente a\u00fan pueda acceder a las salas de cine.<\/p>   <p><p><strong>Sigue el canal de la SER en WhatsApp<\/strong><br \/>Encontrar\u00e1s toda la informaci\u00f3n, el deporte y el entretenimiento: la actualidad del d\u00eda y las noticias de \u00faltima hora, los mejores v\u00eddeos y momentos de la radio, entrevistas, reportajes y mucho m\u00e1s.<\/p><a href=\"https:\/\/www.whatsapp.com\/channel\/0029Va633PF9WtC4l7XUzh1e\" title=\"Suscr\u00edbete\">Suscr\u00edbete ahora<\/a><\/p> ","protected":false},"excerpt":{"rendered":"<p>A lo largo de toda la semana habr\u00e1 talleres, encuentros con creadores y los concursos de la Secci\u00f3n Oficial y a los mejores guion, \u2018shortpitch\u2019, j\u00f3venes realizadores y \u2018cortos\u2019 extranjeros<\/p>\n","protected":false},"author":0,"featured_media":3975,"comment_status":"open","ping_status":"open","sticky":false,"template":"","format":"standard","meta":{"_acf_changed":false,"footnotes":""},"categories":[1],"tags":[],"class_list":["post-3974","post","type-post","status-publish","format-standard","has-post-thumbnail","hentry","category-sin-categoria"],"acf":{"ser_id":"EUJE4MQNNRDKTDKBH6V5GLJDPA","ser_url":"https:\/\/cadenaser.com\/comunitat-valenciana\/2024\/04\/11\/benidorm-reune-a-lo-mejor-de-la-industria-del-corto-nacional-e-internacional-en-el-viii-edicion-skyline-film-festival-radio-benidorm\/"},"_links":{"self":[{"href":"https:\/\/serbenidorm.daliisolutions.com\/index.php\/wp-json\/wp\/v2\/posts\/3974","targetHints":{"allow":["GET"]}}],"collection":[{"href":"https:\/\/serbenidorm.daliisolutions.com\/index.php\/wp-json\/wp\/v2\/posts"}],"about":[{"href":"https:\/\/serbenidorm.daliisolutions.com\/index.php\/wp-json\/wp\/v2\/types\/post"}],"replies":[{"embeddable":true,"href":"https:\/\/serbenidorm.daliisolutions.com\/index.php\/wp-json\/wp\/v2\/comments?post=3974"}],"version-history":[{"count":0,"href":"https:\/\/serbenidorm.daliisolutions.com\/index.php\/wp-json\/wp\/v2\/posts\/3974\/revisions"}],"wp:featuredmedia":[{"embeddable":true,"href":"https:\/\/serbenidorm.daliisolutions.com\/index.php\/wp-json\/wp\/v2\/media\/3975"}],"wp:attachment":[{"href":"https:\/\/serbenidorm.daliisolutions.com\/index.php\/wp-json\/wp\/v2\/media?parent=3974"}],"wp:term":[{"taxonomy":"category","embeddable":true,"href":"https:\/\/serbenidorm.daliisolutions.com\/index.php\/wp-json\/wp\/v2\/categories?post=3974"},{"taxonomy":"post_tag","embeddable":true,"href":"https:\/\/serbenidorm.daliisolutions.com\/index.php\/wp-json\/wp\/v2\/tags?post=3974"}],"curies":[{"name":"wp","href":"https:\/\/api.w.org\/{rel}","templated":true}]}}