{"id":3979,"date":"2024-04-11T16:17:44","date_gmt":"2024-04-11T14:17:44","guid":{"rendered":"https:\/\/serbenidorm.daliisolutions.com\/index.php\/2024\/04\/11\/los-regantes-de-callosa-den-sarria-quieren-conectar-todas-sus-fuentes-de-agua-para-ahorrar-recursos\/"},"modified":"2024-04-11T16:17:44","modified_gmt":"2024-04-11T14:17:44","slug":"los-regantes-de-callosa-den-sarria-quieren-conectar-todas-sus-fuentes-de-agua-para-ahorrar-recursos","status":"publish","type":"post","link":"https:\/\/serbenidorm.daliisolutions.com\/index.php\/2024\/04\/11\/los-regantes-de-callosa-den-sarria-quieren-conectar-todas-sus-fuentes-de-agua-para-ahorrar-recursos\/","title":{"rendered":"Los regantes de Callosa d&#8217;En Sarri\u00e0 quieren conectar todas sus fuentes de agua para ahorrar recursos"},"content":{"rendered":"  <p>Callosa<\/p>   <p>30 comunidades de regantes de Callosa d\u2019En Sarri\u00e0 se van a unificar para desarrollar un proyecto con el que interconectar las tres fuentes de agua de la localidad: el r\u00edo Algar, Guadalest y los pozos de los agricultores. Lo quieren hacer a trav\u00e9s de una balsa nodriza que estabilizar\u00e1 caudales y presi\u00f3n de otras siete situadas en distintos puntos.<\/p>   <p>Esta infraestructura hidr\u00e1ulica se basar\u00e1 en la <a href=\"https:\/\/cadenaser.com\/tag\/callosa_den_sarria\/a\/\" target=\"_blank\" rel=\"noopener\">construcci\u00f3n de la balsa de Massatava, con 1,5 hect\u00f3metros c\u00fabicos de capacidad, que adem\u00e1s podr\u00e1 almacenar agua proveniente tanto del embalse de Guadalest y de los pozos de Sacos en el r\u00edo Algar<\/a>.<\/p>   <p>Los agricultores asumir\u00e1n las expropiaciones, pero han aprovechado la visita del conseller de Agricultura Jos\u00e9 Luis Aguirre para pedir agilidad burocr\u00e1tica y ayuda econ\u00f3mica. Aguirre, por su parte, habla de un proyecto \u00abcomplejo\u00bb y \u00aba largo plazo\u00bb que \u00abevidentemente se tendr\u00e1 que hacer con ayuda de fondos europeos\u00bb. <\/p>  <p><p>M\u00e1s informaci\u00f3n<\/p><figure><img decoding=\"async\" src=\"https:\/\/cadenaser.com\/resizer\/eLV_rt5c5haOClrrvJHzpzq35mo=\/650x366\/filters:quality(70)\/cloudfront-eu-central-1.images.arcpublishing.com\/prisaradio\/VFLSGG2LP5BSDO7KZ7LXKKYPFE.jpeg\" loading=\"lazy\" width=\"828\" height=\"621\" \/><\/figure><ul><li><a href=\"https:\/\/cadenaser.com\/comunitat-valenciana\/2024\/04\/10\/el-consorcio-de-aguas-de-la-marina-baixa-descarta-restricciones-durante-2024-a-pesar-de-la-sequia-radio-benidorm\/\">El Consorcio de Aguas de la Marina Baixa descarta restricciones durante 2024 a pesar de la sequ\u00eda<\/a><\/li><\/ul><\/p>   <p>\u00abEn a\u00f1os de sequ\u00eda como este tenemos que tener muy claro lo importante que es la optimizaci\u00f3n de agua, y no desperdiciarla, guardar  cuando tenemos para poder regar cuando nos falta\u00bb, ha a\u00f1adido Aguirre.<\/p>   <p>Agua para el resto de la Marina Baixa<\/p>   <p>El presidente de la organizaci\u00f3n que impulsa este proyecto, Juan Domingo Cort\u00e9s, ha explicado que se empez\u00f3 a gestar hace m\u00e1s de dos d\u00e9cadas y tiene una vocaci\u00f3n de sostenibilidad y solidaridad: \u00abTenemos previsto el riego por goteo para toda la comarca, el abastecimiento del pueblo de Callosa y poder ayudar al resto si es preciso\u00bb.<\/p>   <p>Adem\u00e1s, ha se\u00f1alado, se intentar\u00e1 con \u00e9l asentar a la gente en el territorio \u00abporque tenemos un problema de despoblaci\u00f3n debido a que la agricultura cada vez es menos competitiva\u00bb. El objetivo de los regantes es que las obras se puedan empezar a ejecutar antes del 2026.<\/p> ","protected":false},"excerpt":{"rendered":"<p>Han pedido al conseller de Agricultura agilizar los tr\u00e1mites burocr\u00e1ticos y conf\u00edan en que las obras empiecen antes de 2026<\/p>\n","protected":false},"author":0,"featured_media":3980,"comment_status":"open","ping_status":"open","sticky":false,"template":"","format":"standard","meta":{"_acf_changed":false,"footnotes":""},"categories":[1],"tags":[],"class_list":["post-3979","post","type-post","status-publish","format-standard","has-post-thumbnail","hentry","category-sin-categoria"],"acf":{"ser_id":"O6XJQAFTRVGGVFLNFJL4HUUX7I","ser_url":"https:\/\/cadenaser.com\/comunitat-valenciana\/2024\/04\/11\/los-regantes-de-callosa-den-sarria-quieren-conectar-todas-sus-fuentes-de-agua-para-ahorrar-recursos-radio-benidorm\/"},"_links":{"self":[{"href":"https:\/\/serbenidorm.daliisolutions.com\/index.php\/wp-json\/wp\/v2\/posts\/3979","targetHints":{"allow":["GET"]}}],"collection":[{"href":"https:\/\/serbenidorm.daliisolutions.com\/index.php\/wp-json\/wp\/v2\/posts"}],"about":[{"href":"https:\/\/serbenidorm.daliisolutions.com\/index.php\/wp-json\/wp\/v2\/types\/post"}],"replies":[{"embeddable":true,"href":"https:\/\/serbenidorm.daliisolutions.com\/index.php\/wp-json\/wp\/v2\/comments?post=3979"}],"version-history":[{"count":0,"href":"https:\/\/serbenidorm.daliisolutions.com\/index.php\/wp-json\/wp\/v2\/posts\/3979\/revisions"}],"wp:featuredmedia":[{"embeddable":true,"href":"https:\/\/serbenidorm.daliisolutions.com\/index.php\/wp-json\/wp\/v2\/media\/3980"}],"wp:attachment":[{"href":"https:\/\/serbenidorm.daliisolutions.com\/index.php\/wp-json\/wp\/v2\/media?parent=3979"}],"wp:term":[{"taxonomy":"category","embeddable":true,"href":"https:\/\/serbenidorm.daliisolutions.com\/index.php\/wp-json\/wp\/v2\/categories?post=3979"},{"taxonomy":"post_tag","embeddable":true,"href":"https:\/\/serbenidorm.daliisolutions.com\/index.php\/wp-json\/wp\/v2\/tags?post=3979"}],"curies":[{"name":"wp","href":"https:\/\/api.w.org\/{rel}","templated":true}]}}