{"id":3997,"date":"2024-04-11T19:04:56","date_gmt":"2024-04-11T17:04:56","guid":{"rendered":"https:\/\/serbenidorm.daliisolutions.com\/index.php\/2024\/04\/11\/las-91-viviendas-sociales-anunciadas-en-benidorm-deberan-estar-terminadas-antes-de-junio-de-2026\/"},"modified":"2024-04-11T19:04:56","modified_gmt":"2024-04-11T17:04:56","slug":"las-91-viviendas-sociales-anunciadas-en-benidorm-deberan-estar-terminadas-antes-de-junio-de-2026","status":"publish","type":"post","link":"https:\/\/serbenidorm.daliisolutions.com\/index.php\/2024\/04\/11\/las-91-viviendas-sociales-anunciadas-en-benidorm-deberan-estar-terminadas-antes-de-junio-de-2026\/","title":{"rendered":"Las 91 viviendas sociales anunciadas en Benidorm deber\u00e1n estar terminadas antes de junio de 2026"},"content":{"rendered":"  <p>Benidorm<\/p>   <p>Las obras del edificio de 91 viviendas p\u00fablicas de alquiler asequible para j\u00f3venes anunciadas por la Generalitat Valenciana en una parcela de 4.000 metros cuadrados en la zona de Poniente de Benidorm saldr\u00e1n a licitaci\u00f3n entre este mes y el que viene y deber\u00e1n estar terminadas en junio de 2026.<\/p>   <p>As\u00ed lo ha asegurado la consellera de Vivienda Susana Camarero durante su visita a ese terreno de la avenida Nicaragua donde se va a levantar el bloque de 20 alturas y que ha cedido el Ayuntamiento de Benidorm:<a href=\"https:\/\/cadenaser.com\/tag\/benidorm\/a\/\" target=\"_blank\" rel=\"noopener\"> \u00abViene acompa\u00f1ado de fondos europeos por lo tanto tenemos la urgencia de hacerlo lo antes posible porque tiene que estar construido en junio de 2026\u00bb<\/a>, ha explicado.<\/p>   <p>La construcci\u00f3n cuenta con un presupuesto de 12.036.685 euros, de los que 4 millones de euros proceden de fondos europeos &#8216;Next Generation&#8217;, de ah\u00ed ese plazo de finalizaci\u00f3n en 2026 para acreditar la subvenci\u00f3n. Los criterios de reparto de las viviendas llegado el momento, explicaba tambi\u00e9n Camarero, ser\u00e1n competencia de cada ayuntamiento.<\/p>   <p><p>M\u00e1s informaci\u00f3n<\/p><ul><li><a href=\"https:\/\/cadenaser.com\/comunitat-valenciana\/2024\/03\/20\/donde-se-van-a-construir-las-viviendas-publicas-anunciadas-en-benidorm-y-la-vila-joiosa-por-la-generalitat-radio-benidorm\/\">\u00bfD\u00f3nde se van a construir las viviendas p\u00fablicas anunciadas en La Vila Joiosa?<\/a><\/li><\/ul><\/p>   <p>Estas ser\u00e1n gestionadas por los adjudicatarios en r\u00e9gimen de alquiler asequible durante un per\u00edodo m\u00ednimo de 50 a\u00f1os y un m\u00e1ximo de 75 a\u00f1os.<\/p>   <p>As\u00ed ser\u00e1n los pisos<\/p>   <p>Seg\u00fan el estudio preliminar realizado por la Generalitat el edificio se desarrollar\u00e1 en una torre de 20 plantas de viviendas. De la primera planta hasta la once se construir\u00e1n cinco viviendas por planta y en las restantes cuatro viviendas por planta. Las viviendas tendr\u00e1n plaza de aparcamiento y trastero, habr\u00e1 de uno, dos y tres dormitorios con superficies que oscilan entre los 50 y 80 metros cuadrados.<\/p> ","protected":false},"excerpt":{"rendered":"<p>Las viviendas tendr\u00e1n plaza de aparcamiento y trastero; habr\u00e1 de uno, dos y tres dormitorios con superficies que oscilan entre los 50 y 80 metros cuadrados<\/p>\n","protected":false},"author":0,"featured_media":3998,"comment_status":"open","ping_status":"open","sticky":false,"template":"","format":"standard","meta":{"_acf_changed":false,"footnotes":""},"categories":[1],"tags":[],"class_list":["post-3997","post","type-post","status-publish","format-standard","has-post-thumbnail","hentry","category-sin-categoria"],"acf":{"ser_id":"GLB5SIIZRNB5LBMY5C325CFODM","ser_url":"https:\/\/cadenaser.com\/comunitat-valenciana\/2024\/04\/11\/las-91-viviendas-sociales-anunciadas-en-benidorm-deberan-estar-terminadas-antes-de-junio-de-2026-radio-benidorm\/"},"_links":{"self":[{"href":"https:\/\/serbenidorm.daliisolutions.com\/index.php\/wp-json\/wp\/v2\/posts\/3997","targetHints":{"allow":["GET"]}}],"collection":[{"href":"https:\/\/serbenidorm.daliisolutions.com\/index.php\/wp-json\/wp\/v2\/posts"}],"about":[{"href":"https:\/\/serbenidorm.daliisolutions.com\/index.php\/wp-json\/wp\/v2\/types\/post"}],"replies":[{"embeddable":true,"href":"https:\/\/serbenidorm.daliisolutions.com\/index.php\/wp-json\/wp\/v2\/comments?post=3997"}],"version-history":[{"count":0,"href":"https:\/\/serbenidorm.daliisolutions.com\/index.php\/wp-json\/wp\/v2\/posts\/3997\/revisions"}],"wp:featuredmedia":[{"embeddable":true,"href":"https:\/\/serbenidorm.daliisolutions.com\/index.php\/wp-json\/wp\/v2\/media\/3998"}],"wp:attachment":[{"href":"https:\/\/serbenidorm.daliisolutions.com\/index.php\/wp-json\/wp\/v2\/media?parent=3997"}],"wp:term":[{"taxonomy":"category","embeddable":true,"href":"https:\/\/serbenidorm.daliisolutions.com\/index.php\/wp-json\/wp\/v2\/categories?post=3997"},{"taxonomy":"post_tag","embeddable":true,"href":"https:\/\/serbenidorm.daliisolutions.com\/index.php\/wp-json\/wp\/v2\/tags?post=3997"}],"curies":[{"name":"wp","href":"https:\/\/api.w.org\/{rel}","templated":true}]}}