{"id":4001,"date":"2024-04-12T07:35:28","date_gmt":"2024-04-12T05:35:28","guid":{"rendered":"https:\/\/serbenidorm.daliisolutions.com\/index.php\/2024\/04\/12\/el-huesitos-la-vila-afronta-en-el-pantano-la-batalla-final\/"},"modified":"2024-04-12T07:35:28","modified_gmt":"2024-04-12T05:35:28","slug":"el-huesitos-la-vila-afronta-en-el-pantano-la-batalla-final","status":"publish","type":"post","link":"https:\/\/serbenidorm.daliisolutions.com\/index.php\/2024\/04\/12\/el-huesitos-la-vila-afronta-en-el-pantano-la-batalla-final\/","title":{"rendered":"El Huesitos-La Vila afronta en El Pantano la batalla final"},"content":{"rendered":"  <p>Benidorm<\/p>   <p>El propio capit\u00e1n del Huesitos-La Vila, Paco Mart\u00ednez, reconoc\u00eda el pasado lunes, tras <a href=\"https:\/\/cadenaser.com\/comunitat-valenciana\/2024\/04\/08\/el-huesitos-la-vila-vence-en-zarautz-y-se-encomienda-al-pantano-para-el-ascenso-radio-benidorm\/\" target=\"_blank\" rel=\"noopener\">el triunfo conseguido en Zarautz<\/a>, que <a href=\"https:\/\/cadenaser.com\/comunitat-valenciana\/2024\/04\/09\/paco-martinez-el-partido-contra-el-getxo-va-a-ser-la-guerra-radio-benidorm\/\" target=\"_blank\" rel=\"noopener\">el choque que este domingo (12:00 horas) medir\u00e1 al XV chocolatero con el Getxo en el Estadio del Pantano ser\u00e1 una aut\u00e9ntica guerra<\/a>.<\/p>   <p>No es para menos el s\u00edmil teniendo en cuenta no s\u00f3lo que se trata de la \u00faltima jornada de la Fase \u00c9lite de la Divisi\u00f3n de Honor B del rugby espa\u00f1ol, sino que los de Hern\u00e1n Quirelli (y todos sus rivales directos) se juegan a una sola carta el pase a disputar el ascenso a la m\u00e1xima categor\u00eda, un privilegio reservado s\u00f3lo a los cuatro mejores.<\/p>   <p>Con s\u00f3lo una fecha por delante, el <a href=\"https:\/\/cadenaser.com\/tag\/club_rugby_la_vila\/a\/\" target=\"_blank\" rel=\"noopener\">Huesitos-La Vila<\/a> ocupa, precisamente, esa cuarta posici\u00f3n con los mismos puntos que el quinto clasificado, el Sant Cugat y s\u00f3lo uno menos que su rival getxotarra y que viene de dar la gran sorpresa al vencer la pasada semana al Liceo Franc\u00e9s que podr\u00eda, incluso, quedarse fuera de esa pelea por el ascenso.<\/p>  <p><p>M\u00e1s informaci\u00f3n<\/p><figure><img decoding=\"async\" src=\"https:\/\/cadenaser.com\/resizer\/iH0Pmc41c5fEej47I8KKL-q0rOU=\/650x366\/filters:quality(70)\/cloudfront-eu-central-1.images.arcpublishing.com\/prisaradio\/OGUUCQPP7RFCRKTWSFYPPT5YP4.JPG\" loading=\"lazy\" width=\"828\" height=\"621\" \/><\/figure><ul><li><a href=\"https:\/\/cadenaser.com\/comunitat-valenciana\/2024\/04\/09\/paco-martinez-el-partido-contra-el-getxo-va-a-ser-la-guerra-radio-benidorm\/\">Paco Mart\u00ednez: \u00abEl partido contra el Getxo va a ser la guerra\u00bb<\/a><\/li><\/ul><\/p>   <p>La gran ventaja con la que cuenta el Huesitos-La Vila es, adem\u00e1s del hecho de jugar en casa, que los de Hern\u00e1n Quirelli dependen \u00fanicamente de s\u00ed mismos para poder aspirar a regresar a la m\u00e1xima categor\u00eda ya que una victoria les permitir\u00eda no tener que preocuparse de los resultados de los dem\u00e1s.<\/p>   <p>La mala noticia, sin embargo, son las muchas bajas por lesi\u00f3n que acumula un equipo que ha llegado muy justo a este final de temporada. Por ello, la batalla final que se plantea este domingo en El Pantano ser\u00e1 apasionante y, al menos as\u00ed lo esperan los aficionados jonenses, el preludio de la mayor alegr\u00eda del rugby de la Marina Baixa en los \u00faltimos a\u00f1os.<\/p> ","protected":false},"excerpt":{"rendered":"<p>El XV chocolatero recibe al Getxo en la \u00faltima jornada de liga con el ascenso en juego<\/p>\n","protected":false},"author":0,"featured_media":4002,"comment_status":"open","ping_status":"open","sticky":false,"template":"","format":"standard","meta":{"_acf_changed":false,"footnotes":""},"categories":[16],"tags":[],"class_list":["post-4001","post","type-post","status-publish","format-standard","has-post-thumbnail","hentry","category-deportes"],"acf":{"ser_id":"YEBOJQ4QJJAL7LQNQNV4MO6IOY","ser_url":"https:\/\/cadenaser.com\/comunitat-valenciana\/2024\/04\/12\/el-huesitos-la-vila-afronta-en-el-pantano-la-batalla-final-radio-benidorm\/"},"_links":{"self":[{"href":"https:\/\/serbenidorm.daliisolutions.com\/index.php\/wp-json\/wp\/v2\/posts\/4001","targetHints":{"allow":["GET"]}}],"collection":[{"href":"https:\/\/serbenidorm.daliisolutions.com\/index.php\/wp-json\/wp\/v2\/posts"}],"about":[{"href":"https:\/\/serbenidorm.daliisolutions.com\/index.php\/wp-json\/wp\/v2\/types\/post"}],"replies":[{"embeddable":true,"href":"https:\/\/serbenidorm.daliisolutions.com\/index.php\/wp-json\/wp\/v2\/comments?post=4001"}],"version-history":[{"count":0,"href":"https:\/\/serbenidorm.daliisolutions.com\/index.php\/wp-json\/wp\/v2\/posts\/4001\/revisions"}],"wp:featuredmedia":[{"embeddable":true,"href":"https:\/\/serbenidorm.daliisolutions.com\/index.php\/wp-json\/wp\/v2\/media\/4002"}],"wp:attachment":[{"href":"https:\/\/serbenidorm.daliisolutions.com\/index.php\/wp-json\/wp\/v2\/media?parent=4001"}],"wp:term":[{"taxonomy":"category","embeddable":true,"href":"https:\/\/serbenidorm.daliisolutions.com\/index.php\/wp-json\/wp\/v2\/categories?post=4001"},{"taxonomy":"post_tag","embeddable":true,"href":"https:\/\/serbenidorm.daliisolutions.com\/index.php\/wp-json\/wp\/v2\/tags?post=4001"}],"curies":[{"name":"wp","href":"https:\/\/api.w.org\/{rel}","templated":true}]}}