{"id":4003,"date":"2024-04-12T07:35:29","date_gmt":"2024-04-12T05:35:29","guid":{"rendered":"https:\/\/serbenidorm.daliisolutions.com\/index.php\/2024\/04\/12\/el-c-f-benidorm-visita-al-denia-con-la-vista-puesta-en-crevillente\/"},"modified":"2024-04-12T07:35:29","modified_gmt":"2024-04-12T05:35:29","slug":"el-c-f-benidorm-visita-al-denia-con-la-vista-puesta-en-crevillente","status":"publish","type":"post","link":"https:\/\/serbenidorm.daliisolutions.com\/index.php\/2024\/04\/12\/el-c-f-benidorm-visita-al-denia-con-la-vista-puesta-en-crevillente\/","title":{"rendered":"El C.F. Benidorm visita al D\u00e9nia con la vista puesta en Crevillente"},"content":{"rendered":"  <p>Benidorm<\/p>   <p>El C.F. Benidorm ha entrado ya en esa fase de la competici\u00f3n liguera en la que, adem\u00e1s de en sus propios partidos, en cada jornada debe de tener un ojo puesto en lo que haga el Crevillente Deportivo en sus respectivos choques ya que un tropiezo del actual segundo clasificado, unido siempre a la victoria de los benidormenses, colocar\u00eda a los de Miguel \u00c1ngel Mart\u00ednez en disposici\u00f3n de dejar matem\u00e1ticamente cerrada la Lliga Comunitat el d\u00eda 21 de abril en casa.<\/p>   <p>Para eso, en todo caso, todav\u00eda falta una semana y lo m\u00e1s importante, en ese partido-a-partido al que se encomiendan los benidormenses, pasa por el choque que les medir\u00e1 este domingo (17:00 horas) les llevar\u00e1 hasta el Diego Mena para v\u00e9rselas con el D\u00e9nia.<\/p>  <p><p>M\u00e1s informaci\u00f3n<\/p><figure><img decoding=\"async\" src=\"https:\/\/cadenaser.com\/resizer\/ydMKX2se3xYaGioZof15LPJhTIM=\/650x366\/filters:quality(70)\/cloudfront-eu-central-1.images.arcpublishing.com\/prisaradio\/HTAC764XINHNBIU4FTNTJY32EY.jpg\" loading=\"lazy\" width=\"828\" height=\"621\" \/><\/figure><ul><li><a href=\"https:\/\/cadenaser.com\/comunitat-valenciana\/2024\/04\/09\/javi-cabezas-seria-un-honor-marcar-el-gol-del-ascenso-radio-benidorm\/\">Javi Cabezas: \u00abSer\u00eda un honor marcar el gol del ascenso\u00bb<\/a><\/li><\/ul><\/p>   <p>El conjunto dianense ocupa actualmente la novena posici\u00f3n de la clasificaci\u00f3n y viene de encadenar dos partidos consecutivos sin ganar, empatando con el Callosa Deportiva y cayendo la pasada semana con el Ol\u00edmpic de X\u00e0tiva.<\/p>   <p>Por su parte, el Crevillente Deportivo recibir\u00e1 al Tavernes de la Valldigna en un partido que, para los visitantes, podr\u00eda ser su \u00faltima oportunidad de no perder el tren de la promoci\u00f3n de ascenso, por lo que los valencianos podr\u00edan convertirse en el mejor y m\u00e1s importante aliado del C.F. Benidorm de cara a ese sue\u00f1o de poder celebrar el ascenso ante su propio p\u00fablico.<\/p>   <p><b>La Nuc\u00eda se las ve con el Atl\u00e9tico Saguntino<\/b><\/p>   <p>En Segunda RFEF, La Nuc\u00eda viaja este domingo hasta la cancha del Atl\u00e9tico Saguntino, que actualmente ocupa la plaza de promoci\u00f3n de descenso. El partido, que en otras circunstancias habr\u00eda sido de alt\u00edsimo voltaje, llega ya muy descafeinado no s\u00f3lo por el hecho de que el conjunto rojillo est\u00e1 ya matem\u00e1ticamente descendido, sino, sobre todo, porque los de Kiko Lacasa parecen haber bajado completamente los brazos debido a las muchas circunstancias extradeportivas que rodean a la entidad del Camilo Cano.<\/p> ","protected":false},"excerpt":{"rendered":"<p>Los de Miguel \u00c1ngel Mart\u00ednez necesitan un tropiezo de su m\u00e1ximo rival para poder aspirar a celebrar el ascenso en casa<\/p>\n","protected":false},"author":0,"featured_media":4004,"comment_status":"open","ping_status":"open","sticky":false,"template":"","format":"standard","meta":{"_acf_changed":false,"footnotes":""},"categories":[16],"tags":[],"class_list":["post-4003","post","type-post","status-publish","format-standard","has-post-thumbnail","hentry","category-deportes"],"acf":{"ser_id":"VGAWFUSCZNFQDNPILA4ZXNS3UY","ser_url":"https:\/\/cadenaser.com\/comunitat-valenciana\/2024\/04\/12\/el-cf-benidorm-visita-al-denia-con-la-vista-puesta-en-crevillente-radio-benidorm\/"},"_links":{"self":[{"href":"https:\/\/serbenidorm.daliisolutions.com\/index.php\/wp-json\/wp\/v2\/posts\/4003","targetHints":{"allow":["GET"]}}],"collection":[{"href":"https:\/\/serbenidorm.daliisolutions.com\/index.php\/wp-json\/wp\/v2\/posts"}],"about":[{"href":"https:\/\/serbenidorm.daliisolutions.com\/index.php\/wp-json\/wp\/v2\/types\/post"}],"replies":[{"embeddable":true,"href":"https:\/\/serbenidorm.daliisolutions.com\/index.php\/wp-json\/wp\/v2\/comments?post=4003"}],"version-history":[{"count":0,"href":"https:\/\/serbenidorm.daliisolutions.com\/index.php\/wp-json\/wp\/v2\/posts\/4003\/revisions"}],"wp:featuredmedia":[{"embeddable":true,"href":"https:\/\/serbenidorm.daliisolutions.com\/index.php\/wp-json\/wp\/v2\/media\/4004"}],"wp:attachment":[{"href":"https:\/\/serbenidorm.daliisolutions.com\/index.php\/wp-json\/wp\/v2\/media?parent=4003"}],"wp:term":[{"taxonomy":"category","embeddable":true,"href":"https:\/\/serbenidorm.daliisolutions.com\/index.php\/wp-json\/wp\/v2\/categories?post=4003"},{"taxonomy":"post_tag","embeddable":true,"href":"https:\/\/serbenidorm.daliisolutions.com\/index.php\/wp-json\/wp\/v2\/tags?post=4003"}],"curies":[{"name":"wp","href":"https:\/\/api.w.org\/{rel}","templated":true}]}}