{"id":4005,"date":"2024-04-12T07:35:30","date_gmt":"2024-04-12T05:35:30","guid":{"rendered":"https:\/\/serbenidorm.daliisolutions.com\/index.php\/2024\/04\/12\/un-tm-benidorm-en-plena-depresion-visita-su-cancha-maldita-en-logrono\/"},"modified":"2024-04-12T07:35:30","modified_gmt":"2024-04-12T05:35:30","slug":"un-tm-benidorm-en-plena-depresion-visita-su-cancha-maldita-en-logrono","status":"publish","type":"post","link":"https:\/\/serbenidorm.daliisolutions.com\/index.php\/2024\/04\/12\/un-tm-benidorm-en-plena-depresion-visita-su-cancha-maldita-en-logrono\/","title":{"rendered":"Un TM Benidorm en plena depresi\u00f3n visita su cancha maldita en Logro\u00f1o"},"content":{"rendered":"  <p>Benidorm<\/p>   <p>Tras <a href=\"https:\/\/cadenaser.com\/comunitat-valenciana\/2024\/03\/24\/el-tm-benidorm-lleva-al-limite-al-barca-radio-benidorm\/\" target=\"_blank\" rel=\"noopener\">caer ante el Bar\u00e7a dando una grand\u00edsima imagen<\/a> y poniendo al mejor equipo del mundo contra las cuerdas durante buena parte de aquel partido, el TM Benidorm parece haber entrado en un estado de profunda depresi\u00f3n que le ha llevado a caer por la m\u00ednima ante el Torrelavega en la ciudad c\u00e1ntabra y <a href=\"https:\/\/cadenaser.com\/comunitat-valenciana\/2024\/04\/08\/el-tm-benidorm-se-deja-ante-valladolid-parte-de-su-sueno-europeo-radio-benidorm\/\" target=\"_blank\" rel=\"noopener\">ante el Valladolid en el Palau d\u2019Esports<\/a>. A todo ello, adem\u00e1s, se sum\u00f3 este mi\u00e9rcoles <a href=\"https:\/\/cadenaser.com\/comunitat-valenciana\/2024\/04\/10\/el-tm-benidorm-se-queda-a-las-puertas-de-su-tercera-fase-final-de-copa-radio-benidorm\/\" target=\"_blank\" rel=\"noopener\">la derrota ante Cuenca que dej\u00f3 a los de Benidorm fuera de la disputa de la fase final de la Copa del Rey<\/a>.<\/p>   <p>Con todo este peso en la mochila, el <a href=\"https:\/\/cadenaser.com\/tag\/club_balonmano_benidorm\/a\/\" target=\"_blank\" rel=\"noopener\">TM Benidorm<\/a> regresa este s\u00e1bado (19:30 horas) a la Liga Asobal para medirse al BM Logro\u00f1o en la capital riojana, una cancha en la que los de Sergio Carballeira han ca\u00eddo derrotados en todas y cada una de las ocho ocasiones en las que han actuado como visitantes en la competici\u00f3n dom\u00e9stica.<\/p>  <p><p>M\u00e1s informaci\u00f3n<\/p><figure><img decoding=\"async\" src=\"https:\/\/cadenaser.com\/resizer\/zRRxK-9uNZSgK3Rvq-lbWYrfZ98=\/650x366\/filters:quality(70)\/cloudfront-eu-central-1.images.arcpublishing.com\/prisaradio\/FDRQXJZI75CABCPCQYMFJRJCZM.jpg\" loading=\"lazy\" width=\"828\" height=\"621\" \/><\/figure><ul><li><a href=\"https:\/\/cadenaser.com\/comunitat-valenciana\/2024\/04\/03\/esta-sera-la-plantilla-del-tm-benidorm-para-la-temporada-2024-2025-radio-benidorm\/\">Esta ser\u00e1 la plantilla del TM Benidorm para la temporada 2024-2025<\/a><\/li><\/ul><\/p>   <p>El viaje a esa cancha maldita para los benidormenses no parece, al menos a priori, el mejor escenario posible para dejar atr\u00e1s este bache de resultados y, en cierta medida, tambi\u00e9n de juego que vienen atravesando las \u00faltimas semanas.<\/p>   <p>Logro\u00f1o, adem\u00e1s, viene de encadenar cuatro victorias consecutivas que han colocado a los riojanos en la cuarta posici\u00f3n de la clasificaci\u00f3n con un buen colch\u00f3n de cuatro puntos sobre Ademar de Le\u00f3n, por lo que un nuevo triunfo ante el TM Benidorm podr\u00eda situarlos en una situaci\u00f3n inmejorable para ser equipo europeo la pr\u00f3xima campa\u00f1a.<\/p> ","protected":false},"excerpt":{"rendered":"<p>Los de Sergio Carballeira no han ganado nunca en La Rioja<\/p>\n","protected":false},"author":0,"featured_media":4006,"comment_status":"open","ping_status":"open","sticky":false,"template":"","format":"standard","meta":{"_acf_changed":false,"footnotes":""},"categories":[16],"tags":[],"class_list":["post-4005","post","type-post","status-publish","format-standard","has-post-thumbnail","hentry","category-deportes"],"acf":{"ser_id":"L4Y2PV4PANDKZDPTO74A3KDXZQ","ser_url":"https:\/\/cadenaser.com\/comunitat-valenciana\/2024\/04\/12\/un-tm-benidorm-en-plena-depresion-visita-su-cancha-maldita-en-logrono-radio-benidorm\/"},"_links":{"self":[{"href":"https:\/\/serbenidorm.daliisolutions.com\/index.php\/wp-json\/wp\/v2\/posts\/4005","targetHints":{"allow":["GET"]}}],"collection":[{"href":"https:\/\/serbenidorm.daliisolutions.com\/index.php\/wp-json\/wp\/v2\/posts"}],"about":[{"href":"https:\/\/serbenidorm.daliisolutions.com\/index.php\/wp-json\/wp\/v2\/types\/post"}],"replies":[{"embeddable":true,"href":"https:\/\/serbenidorm.daliisolutions.com\/index.php\/wp-json\/wp\/v2\/comments?post=4005"}],"version-history":[{"count":0,"href":"https:\/\/serbenidorm.daliisolutions.com\/index.php\/wp-json\/wp\/v2\/posts\/4005\/revisions"}],"wp:featuredmedia":[{"embeddable":true,"href":"https:\/\/serbenidorm.daliisolutions.com\/index.php\/wp-json\/wp\/v2\/media\/4006"}],"wp:attachment":[{"href":"https:\/\/serbenidorm.daliisolutions.com\/index.php\/wp-json\/wp\/v2\/media?parent=4005"}],"wp:term":[{"taxonomy":"category","embeddable":true,"href":"https:\/\/serbenidorm.daliisolutions.com\/index.php\/wp-json\/wp\/v2\/categories?post=4005"},{"taxonomy":"post_tag","embeddable":true,"href":"https:\/\/serbenidorm.daliisolutions.com\/index.php\/wp-json\/wp\/v2\/tags?post=4005"}],"curies":[{"name":"wp","href":"https:\/\/api.w.org\/{rel}","templated":true}]}}