{"id":4027,"date":"2024-04-12T14:32:28","date_gmt":"2024-04-12T12:32:28","guid":{"rendered":"https:\/\/serbenidorm.daliisolutions.com\/index.php\/2024\/04\/12\/la-plantilla-del-c-f-la-nucia-denuncia-represalias-de-la-directiva-en-un-duro-comunicado\/"},"modified":"2024-04-12T14:32:28","modified_gmt":"2024-04-12T12:32:28","slug":"la-plantilla-del-c-f-la-nucia-denuncia-represalias-de-la-directiva-en-un-duro-comunicado","status":"publish","type":"post","link":"https:\/\/serbenidorm.daliisolutions.com\/index.php\/2024\/04\/12\/la-plantilla-del-c-f-la-nucia-denuncia-represalias-de-la-directiva-en-un-duro-comunicado\/","title":{"rendered":"La plantilla del C.F. La Nuc\u00eda denuncia represalias de la directiva en un duro comunicado"},"content":{"rendered":"  <p>Benidorm<\/p>   <p>El primer equipo del C.F. La Nuc\u00eda certific\u00f3 hace poco m\u00e1s de dos semanas el descenso matem\u00e1tico a Tercera RFEF en lo que fue el fin del sue\u00f1o deportivo que llev\u00f3 a los rojillos a la categor\u00eda de bronce del f\u00fatbol espa\u00f1ol hace s\u00f3lo dos a\u00f1os y que se torn\u00f3 en pesadilla poco despu\u00e9s. Ese partido en Terrassa fue el fin de un sue\u00f1o, pero todo indica que ser\u00e1 el inicio del culebr\u00f3n con el que la afici\u00f3n podr\u00e1 conocer la realidad de lo sucedido de puertas adentro en los \u00faltimos meses.<\/p>   <p>La directiva del C.F. La Nuc\u00eda no ha querido dar explicaciones en ning\u00fan momento durante todo este tiempo y sigue sin hacerlo. Sin embargo, se antoja muy dif\u00edcil que vaya a poder seguir poni\u00e9ndose de perfil tras el duro comunicado que, a trav\u00e9s de la AFE, ha emitido su plantilla y que, por su evidente inter\u00e9s informativo, reproducimos \u00edntegramente.<\/p>   <p><b>COMUNICADO OFICIAL<\/b><\/p>   <p>Los futbolistas de la plantilla del\u00a0<b>Club de F\u00fatbol La Nuc\u00eda<\/b>\u00a0queremos denunciar mediante este comunicado, que hacemos p\u00fablico a trav\u00e9s de la <b>Asociaci\u00f3n de Futbolistas Espa\u00f1oles<\/b>, la insostenible situaci\u00f3n en la que nos encontramos.<\/p>   <p><li>Durante los \u00faltimos meses de esta temporada hemos sufrido importantes\u00a0<b>retrasos<\/b>\u00a0en el pago de nuestros\u00a0<b>salarios<\/b>, lo que ha repercutido negativamente en nuestro d\u00eda a d\u00eda y en el de nuestras familias. Se nos adeudan varias mensualidades, viviendo los problemas m\u00e1s graves en la actualidad, pues no hemos percibido\u00a0<b>las 3 ultimas n\u00f3minas<\/b>.<\/li><li>Creemos que el club est\u00e1 adoptando\u00a0<b>represalias contra los jugadores<\/b>\u00a0despu\u00e9s de confirmarse el descenso a Tercera Federaci\u00f3n la pasada temporada, sufriendo la plantilla una serie de actos inadmisibles.<\/li><li>Hace unos d\u00edas sufrimos un acto vand\u00e1lico, al encontrarse varios futbolistas las\u00a0<b>ruedas pinchadas de sus coches<\/b>\u00a0en La Ciudad Deportiva Ol\u00edmpica Camilo Cano. El club no hizo ninguna manifestaci\u00f3n p\u00fablica de denuncia.<\/li><li>El club nos comunic\u00f3 hace d\u00edas que\u00a0<b>al futbolista que quiera marcharse<\/b>, se le abonar\u00e1 el dinero que se le adeude hasta la fecha de su renuncia.<\/li><li>El club ha comunicado al utillero que no nos suministre\u00a0<b>ropa de abrigo para entrenar<\/b>\u00a0(sudaderas y camisetas t\u00e9rmicas), como siempre se hab\u00eda hecho hasta la fecha.<\/li><li>Adem\u00e1s, la Direcci\u00f3n ha trasladado a nuestro entrenador que debemos hacer como m\u00ednimo una\u00a0<b>sesi\u00f3n doble de entrenamiento<\/b>\u00a0a la semana, cuando nunca ha sido as\u00ed en los \u00faltimos 5 meses.<\/li><li>El club ha ordenado que\u00a0<b>no podemos aparcar nuestros coches<\/b>\u00a0en el parking de la Ciudad Deportiva Ol\u00edmpica Camilo Cano, cuando siempre hemos dispuesto de aparcamiento y la realidad es que dicho parking est\u00e1 vac\u00edo.<\/li><li>Para el \u00faltimo partido que disputamos en casa, el club\u00a0<b>no nos proporcion\u00f3 entradas<\/b>, cuando siempre ha dado 2 a cada futbolista.<\/li><li>Otro cambio incomprensible en nuestro d\u00eda a d\u00eda es que el club nos ha comunicado que tenemos que\u00a0<b>entrenar en hierba artificial<\/b>\u00a0hasta la finalizaci\u00f3n de nuestros contratos, cuando siempre lo hemos hecho en un campo de c\u00e9sped natural.<\/li><li>Algo que consideramos de especial gravedad es que la plantilla haya realizado varios entrenamientos sin estar presente\u00a0<b>ning\u00fan integrante del cuerpo m\u00e9dico<\/b>\u00a0(ni m\u00e9dico, ni fisioterapeuta).<\/li><li>A pesar de la gravedad de la situaci\u00f3n que vivimos, el club no s\u00f3lo no aporta soluciones, sino que nos ha\u00a0<b>amenazado con que no vamos a cobrar<\/b>\u00a0y que todas las represalias que sufrimos se seguir\u00e1n produciendo.<\/li><li>Queremos agradecer todas las\u00a0<b>muestras de apoyo<\/b>\u00a0que recibimos a diario, esperando y deseando que la situaci\u00f3n se normalice para poder ejercer nuestra profesi\u00f3n de la mejor y m\u00e1s digna manera posible por respeto a los aficionados de nuestro club.<\/li><li>Por \u00faltimo,\u00a0<b>agradecemos el trabajo de AFE<\/b>, que ha estado en todo momento pendiente de nuestra situaci\u00f3n, tratando de encontrar una satisfactoria soluci\u00f3n a nuestros problemas.<\/li><\/p> ","protected":false},"excerpt":{"rendered":"<p>Los jugadores evidencian la situaci\u00f3n de absoluto desmembramiento que vive la entidad del Camilo Cano<\/p>\n","protected":false},"author":0,"featured_media":4028,"comment_status":"open","ping_status":"open","sticky":false,"template":"","format":"standard","meta":{"_acf_changed":false,"footnotes":""},"categories":[1],"tags":[],"class_list":["post-4027","post","type-post","status-publish","format-standard","has-post-thumbnail","hentry","category-sin-categoria"],"acf":{"ser_id":"TUWYPCY5AZDKVLHZJFVD2KQMWY","ser_url":"https:\/\/cadenaser.com\/comunitat-valenciana\/2024\/04\/12\/la-plantilla-del-cf-la-nucia-denuncia-represalias-de-la-directiva-en-un-duro-comunicado-radio-benidorm\/"},"_links":{"self":[{"href":"https:\/\/serbenidorm.daliisolutions.com\/index.php\/wp-json\/wp\/v2\/posts\/4027","targetHints":{"allow":["GET"]}}],"collection":[{"href":"https:\/\/serbenidorm.daliisolutions.com\/index.php\/wp-json\/wp\/v2\/posts"}],"about":[{"href":"https:\/\/serbenidorm.daliisolutions.com\/index.php\/wp-json\/wp\/v2\/types\/post"}],"replies":[{"embeddable":true,"href":"https:\/\/serbenidorm.daliisolutions.com\/index.php\/wp-json\/wp\/v2\/comments?post=4027"}],"version-history":[{"count":0,"href":"https:\/\/serbenidorm.daliisolutions.com\/index.php\/wp-json\/wp\/v2\/posts\/4027\/revisions"}],"wp:featuredmedia":[{"embeddable":true,"href":"https:\/\/serbenidorm.daliisolutions.com\/index.php\/wp-json\/wp\/v2\/media\/4028"}],"wp:attachment":[{"href":"https:\/\/serbenidorm.daliisolutions.com\/index.php\/wp-json\/wp\/v2\/media?parent=4027"}],"wp:term":[{"taxonomy":"category","embeddable":true,"href":"https:\/\/serbenidorm.daliisolutions.com\/index.php\/wp-json\/wp\/v2\/categories?post=4027"},{"taxonomy":"post_tag","embeddable":true,"href":"https:\/\/serbenidorm.daliisolutions.com\/index.php\/wp-json\/wp\/v2\/tags?post=4027"}],"curies":[{"name":"wp","href":"https:\/\/api.w.org\/{rel}","templated":true}]}}