{"id":4090,"date":"2024-04-14T17:13:08","date_gmt":"2024-04-14T15:13:08","guid":{"rendered":"https:\/\/serbenidorm.daliisolutions.com\/index.php\/2024\/04\/14\/mas-de-20-viviendas-desalojadas-por-el-incendio-forestal-en-tarbena-que-obliga-a-movilizar-a-la-ume\/"},"modified":"2024-04-14T17:13:08","modified_gmt":"2024-04-14T15:13:08","slug":"mas-de-20-viviendas-desalojadas-por-el-incendio-forestal-en-tarbena-que-obliga-a-movilizar-a-la-ume","status":"publish","type":"post","link":"https:\/\/serbenidorm.daliisolutions.com\/index.php\/2024\/04\/14\/mas-de-20-viviendas-desalojadas-por-el-incendio-forestal-en-tarbena-que-obliga-a-movilizar-a-la-ume\/","title":{"rendered":"M\u00e1s de 20 viviendas desalojadas por el incendio forestal en T\u00e0rbena, que obliga a movilizar a la UME"},"content":{"rendered":"  <p>Val\u00e8ncia<\/p>   <p>Un total de seis medios a\u00e9reos trabajan en la extinci\u00f3n de un incendio forestal declarado en la Serra Ferrer, entre T\u00e0rbena y Xal\u00f3, que ha obligado a establecer la situaci\u00f3n 2 del Plan Especial Frente al Riesgo de Incendios Forestales (PEIF), seg\u00fan ha informado el Centro de Coordinaci\u00f3n de Emergencias de la Generalitat.<\/p>   <p>Sobre las cuatro de la tarde, el 112 de la Comunitat Valenciana ha solicitado la intervenci\u00f3n de la Unidad Militar de Emergencias para colaborar en los trabajos y tambi\u00e9n ha movilizado dos medios a\u00e9reos del Ministerio de Transici\u00f3n Ecol\u00f3gica.<\/p>   <p>Seg\u00fan fuentes municipales, se han desalojado m\u00e1s de 20 viviendas de la zona por su cercan\u00eda a las llamas. El 112 ha explicado que se trata de casas diseminadas y ha solicitado a Cruz Roja la apertura de un albergue para atender a las personas afectadas.<\/p>   <p>Se desconocen las causas<\/p>   <p>Sobre las 13.45 horas, se ha activado la situaci\u00f3n 1 del Plan Especial Frente al Riesgo de Incendios Forestales (PEIF) y se encontraban trabajando cuatro medios a\u00e9reos, dos unidades de bomberos forestales de la Generalitat, dos autobombas y una unidad de prevenci\u00f3n de incendios. A las 13.55 horas, se han sumado otros dos medios a\u00e9reos.<\/p>  <p><figure><img decoding=\"async\" src=\"https:\/\/cadenaser.com\/resizer\/PfhmvApFQU0v7d1FGTjHWK6OWzI=\/650x366\/filters:quality(70)\/cloudfront-eu-central-1.images.arcpublishing.com\/prisaradio\/XNCSG5YM7ZEWZNOPJPJBF7CYK4.jpg\" loading=\"lazy\" width=\"240\" height=\"135\" \/><\/figure><div><a href=\"https:\/\/cadenaser.com\/comunitat-valenciana\/2024\/04\/14\/bomberos-y-agricultores-piden-extremar-la-precaucion-ante-la-posibilidad-de-que-las-quemas-agricolas-se-descontrolen-con-mas-facilidad-radio-alicante\/\">Bomberos y agricultores piden extremar la precauci\u00f3n ante la posibilidad de que las quemas agr\u00edcolas se descontrolen<\/a><p><\/p><\/div><\/p>   <p>El nivel 2 de alerta del PEIF se establece cuando una situaci\u00f3n de emergencia provocada por uno o varios incendios forestales puede, en su evoluci\u00f3n previsible, afectar gravemente a a la poblaci\u00f3n y bienes de naturaleza no forestal, lo que exige la adopci\u00f3n inmediata de medidas de protecci\u00f3n y socorro, y puede ser necesario que se incorporen medios extraordinarios o puedan comportar situaciones que deriven hacia el inter\u00e9s nacional.<\/p>   <p><p><strong>Recibe nuestras noticias en tu m\u00f3vil<\/strong><br \/>Activa la campanita y no te pierdas nada de la actualidad informativa<\/p><a href=\"https:\/\/whatsapp.com\/channel\/0029VaHjyqSFHWq2Q3iHB33R\" title=\"Suscr\u00edbete\">Suscr\u00edbete al Canal de Whatsapp de Radio Valencia<\/a><\/p>   <p><p><strong>Sigue el canal de la SER en WhatsApp<\/strong><br \/>Encontrar\u00e1s toda la informaci\u00f3n, el deporte y el entretenimiento: la actualidad del d\u00eda y las noticias de \u00faltima hora, los mejores v\u00eddeos y momentos de la radio, entrevistas, reportajes y mucho m\u00e1s.<\/p><a href=\"https:\/\/www.whatsapp.com\/channel\/0029Va633PF9WtC4l7XUzh1e\" title=\"Suscr\u00edbete\">Suscr\u00edbete ahora<\/a><\/p> ","protected":false},"excerpt":{"rendered":"<p>Se ha activado la situaci\u00f3n 2 del Plan Especial Frente al Riesgo de Incendios Forestales ya que el fuego puede afectar gravemente a bienes no forestales<\/p>\n","protected":false},"author":0,"featured_media":4091,"comment_status":"open","ping_status":"open","sticky":false,"template":"","format":"standard","meta":{"_acf_changed":false,"footnotes":""},"categories":[1],"tags":[],"class_list":["post-4090","post","type-post","status-publish","format-standard","has-post-thumbnail","hentry","category-sin-categoria"],"acf":{"ser_id":"Y34IHTXOGFDQLP675Q2SCQE2CQ","ser_url":"https:\/\/cadenaser.com\/comunitat-valenciana\/2024\/04\/14\/seis-medios-aereos-trabajan-en-la-extincion-de-un-incendio-forestal-en-la-serra-ferrer-entre-tarbena-y-xalo-al-norte-de-alicante-radio-benidorm\/"},"_links":{"self":[{"href":"https:\/\/serbenidorm.daliisolutions.com\/index.php\/wp-json\/wp\/v2\/posts\/4090","targetHints":{"allow":["GET"]}}],"collection":[{"href":"https:\/\/serbenidorm.daliisolutions.com\/index.php\/wp-json\/wp\/v2\/posts"}],"about":[{"href":"https:\/\/serbenidorm.daliisolutions.com\/index.php\/wp-json\/wp\/v2\/types\/post"}],"replies":[{"embeddable":true,"href":"https:\/\/serbenidorm.daliisolutions.com\/index.php\/wp-json\/wp\/v2\/comments?post=4090"}],"version-history":[{"count":0,"href":"https:\/\/serbenidorm.daliisolutions.com\/index.php\/wp-json\/wp\/v2\/posts\/4090\/revisions"}],"wp:featuredmedia":[{"embeddable":true,"href":"https:\/\/serbenidorm.daliisolutions.com\/index.php\/wp-json\/wp\/v2\/media\/4091"}],"wp:attachment":[{"href":"https:\/\/serbenidorm.daliisolutions.com\/index.php\/wp-json\/wp\/v2\/media?parent=4090"}],"wp:term":[{"taxonomy":"category","embeddable":true,"href":"https:\/\/serbenidorm.daliisolutions.com\/index.php\/wp-json\/wp\/v2\/categories?post=4090"},{"taxonomy":"post_tag","embeddable":true,"href":"https:\/\/serbenidorm.daliisolutions.com\/index.php\/wp-json\/wp\/v2\/tags?post=4090"}],"curies":[{"name":"wp","href":"https:\/\/api.w.org\/{rel}","templated":true}]}}