{"id":4094,"date":"2024-04-15T08:19:10","date_gmt":"2024-04-15T06:19:10","guid":{"rendered":"https:\/\/serbenidorm.daliisolutions.com\/index.php\/2024\/04\/15\/continua-activo-el-incendio-forestal-declarado-en-tarbena\/"},"modified":"2024-04-15T08:19:10","modified_gmt":"2024-04-15T06:19:10","slug":"continua-activo-el-incendio-forestal-declarado-en-tarbena","status":"publish","type":"post","link":"https:\/\/serbenidorm.daliisolutions.com\/index.php\/2024\/04\/15\/continua-activo-el-incendio-forestal-declarado-en-tarbena\/","title":{"rendered":"Contin\u00faa activo el incendio forestal declarado en T\u00e1rbena"},"content":{"rendered":"  <p>Benidorm<\/p>   <p>El incendio forestal declarado en la localidad alicantina de T\u00e1rbena en la Sierra Ferrer continu\u00f3 activo durante esta noche, lo que ha obligado a desalojar a 180 vecinos de la zona y a mantener cortadas las carreteras comarcales CV-715 y CV-752 que comunican esta poblaci\u00f3n con su vecina Parcent.<\/p>   <p>Se ha pedido precauci\u00f3n a los vecinos y que eviten acercarse a la zona del incendio para que los veh\u00edculos de extinci\u00f3n puedan desplazarse y desarrollar su labor.<\/p>   <p><div><blockquote class=\"twitter-tweet\"><p lang=\"es\" dir=\"ltr\">(07:30h.)\ud83d\udd25Actualizaci\u00f3n del <a href=\"https:\/\/twitter.com\/hashtag\/IFT%C3%A0rbena?src=hash&amp;ref_src=twsrc%5Etfw\">#IFT\u00e0rbena<\/a>:<br>\u27a1\ufe0f El incendio permanece activo <br>\u27a1\ufe0f La noche ha sido compleja para los efectivos de extinci\u00f3n<br>\u27a1\ufe0f Se ha priorizado la seguridad del personal para evitar situaciones peligrosas debido a las carreras que pudiera producirse <br>\u27a1\ufe0f No tenemos\u2026 <a href=\"https:\/\/t.co\/DcfChF2ocp\">pic.twitter.com\/DcfChF2ocp<\/a><\/p>\u2014 Emerg\u00e8ncies 112CV (@GVA112) <a href=\"https:\/\/twitter.com\/GVA112\/status\/1779748063252254879?ref_src=twsrc%5Etfw\">April 15, 2024<\/a><\/blockquote>   <\/div><\/p>   <p>Siguen trabajando en la zona dotaciones de Bomberos de la Diputaci\u00f3n de Alicante, Bomberos Forestales de la Generalitat Valenciana, y efectivos de la Unidad Militar de Emergencias (UME) del gobierno y la regi\u00f3n de Murcia.<\/p>   <p>Se estima que hay m\u00e1s de 800 hect\u00e1reas afectadas por el fuego, y esta ma\u00f1ana se reincorporar\u00e1n medios a\u00e9reos y dos aviones contra incendios del FOCA.<\/p>   <p>En cuanto a las cuasas del fuego la delegada del Gobierno Pilar Bernab\u00e9 apyuntaba ayer a una quema agr\u00f3la. Javier Montero Secretario Auton\u00f3mico de Seguridad y Emergencias ha pasado por los micr\u00f3fonos de la SER y ha anunciado que el gobierno valenciano trabaja en la limitaci\u00f3n al m\u00e1ximo de las quemas agr\u00edcolas para evitar m\u00e1s riesgo.<\/p>  <p><p class=\"tit\"><span>Entrevista a Javier Montero,Secretario Auton\u00f3mico de Emergencias<\/span><\/p> <p class=\"emb\"><iframe loading=\"lazy\" src=\"https:\/\/cadenaser.com\/embed\/audio\/460\/1713160687292\/\" width=\"100%\" height=\"360\" frameborder=\"0\" allowfullscreen><\/iframe><\/p><\/p>   <p><p><strong>Sigue el canal de la SER en WhatsApp<\/strong><br \/>Encontrar\u00e1s toda la informaci\u00f3n, el deporte y el entretenimiento: la actualidad del d\u00eda y las noticias de \u00faltima hora, los mejores v\u00eddeos y momentos de la radio, entrevistas, reportajes y mucho m\u00e1s.<\/p><a href=\"https:\/\/www.whatsapp.com\/channel\/0029Va633PF9WtC4l7XUzh1e\" title=\"Suscr\u00edbete\">Suscr\u00edbete ahora<\/a><\/p> ","protected":false},"excerpt":{"rendered":"<p>Se ha pedido precauci\u00f3n a los vecinos y que eviten acercarse a la zona del incendio para que los veh\u00edculos de extinci\u00f3n puedan desplazarse y desarrollar su labor.<\/p>\n","protected":false},"author":0,"featured_media":4095,"comment_status":"open","ping_status":"open","sticky":false,"template":"","format":"standard","meta":{"_acf_changed":false,"footnotes":""},"categories":[1],"tags":[],"class_list":["post-4094","post","type-post","status-publish","format-standard","has-post-thumbnail","hentry","category-sin-categoria"],"acf":{"ser_id":"TGZCQALESVGKHK7CYMGYT6YV7Q","ser_url":"https:\/\/cadenaser.com\/comunitat-valenciana\/2024\/04\/15\/continua-activo-el-incendio-forestal-declarado-en-tarbena-radio-benidorm\/"},"_links":{"self":[{"href":"https:\/\/serbenidorm.daliisolutions.com\/index.php\/wp-json\/wp\/v2\/posts\/4094","targetHints":{"allow":["GET"]}}],"collection":[{"href":"https:\/\/serbenidorm.daliisolutions.com\/index.php\/wp-json\/wp\/v2\/posts"}],"about":[{"href":"https:\/\/serbenidorm.daliisolutions.com\/index.php\/wp-json\/wp\/v2\/types\/post"}],"replies":[{"embeddable":true,"href":"https:\/\/serbenidorm.daliisolutions.com\/index.php\/wp-json\/wp\/v2\/comments?post=4094"}],"version-history":[{"count":0,"href":"https:\/\/serbenidorm.daliisolutions.com\/index.php\/wp-json\/wp\/v2\/posts\/4094\/revisions"}],"wp:featuredmedia":[{"embeddable":true,"href":"https:\/\/serbenidorm.daliisolutions.com\/index.php\/wp-json\/wp\/v2\/media\/4095"}],"wp:attachment":[{"href":"https:\/\/serbenidorm.daliisolutions.com\/index.php\/wp-json\/wp\/v2\/media?parent=4094"}],"wp:term":[{"taxonomy":"category","embeddable":true,"href":"https:\/\/serbenidorm.daliisolutions.com\/index.php\/wp-json\/wp\/v2\/categories?post=4094"},{"taxonomy":"post_tag","embeddable":true,"href":"https:\/\/serbenidorm.daliisolutions.com\/index.php\/wp-json\/wp\/v2\/tags?post=4094"}],"curies":[{"name":"wp","href":"https:\/\/api.w.org\/{rel}","templated":true}]}}