{"id":41,"date":"2023-11-29T15:21:11","date_gmt":"2023-11-29T14:21:11","guid":{"rendered":"https:\/\/serbenidorm.daliisolutions.com\/index.php\/2023\/11\/29\/nueve-de-cada-diez-hoteles-de-benidorm-permaneceran-abiertos-durante-el-invierno\/"},"modified":"2023-11-29T15:21:11","modified_gmt":"2023-11-29T14:21:11","slug":"nueve-de-cada-diez-hoteles-de-benidorm-permaneceran-abiertos-durante-el-invierno","status":"publish","type":"post","link":"https:\/\/serbenidorm.daliisolutions.com\/index.php\/2023\/11\/29\/nueve-de-cada-diez-hoteles-de-benidorm-permaneceran-abiertos-durante-el-invierno\/","title":{"rendered":"Nueve de cada diez hoteles de Benidorm permanecer\u00e1n abiertos durante el invierno"},"content":{"rendered":" Benidorm  Benidorm resiste al fr\u00edo. De octubre&nbsp;de 2023&nbsp;a marzo de 2024&nbsp;<a href=\"https:\/\/cadenaser.com\/tag\/hosbec_asociacion_empresarial_hostelera_benidorm_costa_blanca_comunidad_valenciana\/a\/\" target=\"_blank\" rel=\"noopener\">la capital tur\u00edstica de la Comunitat Valenciana mantendr\u00e1 abierta el 87,6 % de su planta hotelera, el&nbsp;90,9 % de su planta de apartamentos tur\u00edsticos&nbsp;y el&nbsp;91 % de sus campings asociados a HOSBEC<\/a>.&nbsp;   Aunque la temporalidad es el motivo principal de cierre en el 72% de los alojamientos, el 19,2 % de los establecimientos que han&nbsp;comunicado el cierre&nbsp;realizan un&nbsp;<i>standby<\/i>&nbsp;por reformas&nbsp;en sus instalaciones, \u00ablo que refleja una clara apuesta por la renovaci\u00f3n de las infraestructuras\u00bb, seg\u00fan ha subrayado la patronal.  En la evoluci\u00f3n mensual se observa como como el punto m\u00e1s importante de estacionalidad va a ocurrir durante el&nbsp;mes de enero, periodo en el que el&nbsp;cierre de establecimientos hoteleros va a afectar a m\u00e1s de 8.300&nbsp;plazas en este destino. Le siguen febrero, con 7.121 plazas cerradas y diciembre del presente a\u00f1o con 5.308.  Esperando al Imserso  Los&nbsp;<a href=\"https:\/\/cadenaser.com\/tag\/imserso_insituto_mayores_servicios_sociales\/a\/\">retrasos en la adjudicaci\u00f3n del programa del Imserso<\/a>&nbsp;han hecho mella en la primera quincena de noviembre en destinos como&nbsp;<a href=\"https:\/\/cadenaser.com\/tag\/benidorm\/a\/\">Benidorm&nbsp;<\/a>que registran un 77,8 % de ocupaci\u00f3n hotelera frente al 83 % alcanzado en 2019 seg\u00fan los \u00faltimos datos publicados por la patronal&nbsp;Hosbec<a href=\"https:\/\/cadenaser.com\/tag\/hosbec_asociacion_empresarial_hostelera_benidorm_costa_blanca_comunidad_valenciana\/a\/\">&nbsp;<\/a>este viernes.  Un efecto que la asociaci\u00f3n espera que no se traslade a la segunda quincena del mes al confiar en que la capital tur\u00edstica de la Comunitat Valenciana comience a recibir a los primeros turistas del programa.  <p><p class=\"tit\"><span>Hoy por Hoy matinal Benidorm 8:20 (20\/11\/2023)<\/span><\/p> <p class=\"emb\"><\/p><\/p>  Y si los hoteleros resisten con una cifra de ocupaci\u00f3n cercana al 80 % es, de nuevo, gracias al mercado brit\u00e1nico. Los turistas ingleses siguen apostando por Benidorm y lideran la clasificaci\u00f3n: suponen casi un 49 % del total de camas y crecen m\u00e1s de dos puntos respecto a la quincena anterior gracias a la celebraci\u00f3n del&nbsp;<i>Fancy Dress Party,&nbsp;<\/i><a href=\"https:\/\/cadenaser.com\/comunitat-valenciana\/2023\/11\/16\/benidorm-acoge-la-mayor-fiesta-de-disfraces-de-europa-radio-benidorm\/\">un evento de gran atractivo que concentra a m\u00e1s 30.000 brit\u00e1nicos y excursionistas en los d\u00edas previos a la festividad<\/a>. ","protected":false},"excerpt":{"rendered":"<p>Del 12,4 % de los establecimientos que cierran el 18,2 % lo hacen por reformas<\/p>\n","protected":false},"author":0,"featured_media":42,"comment_status":"open","ping_status":"open","sticky":false,"template":"","format":"standard","meta":{"_acf_changed":false,"footnotes":""},"categories":[1],"tags":[],"class_list":["post-41","post","type-post","status-publish","format-standard","has-post-thumbnail","hentry","category-sin-categoria"],"acf":{"ser_id":"BAX2EIJBTNDZBC2OXRB5ZGW4VQ","ser_url":""},"_links":{"self":[{"href":"https:\/\/serbenidorm.daliisolutions.com\/index.php\/wp-json\/wp\/v2\/posts\/41","targetHints":{"allow":["GET"]}}],"collection":[{"href":"https:\/\/serbenidorm.daliisolutions.com\/index.php\/wp-json\/wp\/v2\/posts"}],"about":[{"href":"https:\/\/serbenidorm.daliisolutions.com\/index.php\/wp-json\/wp\/v2\/types\/post"}],"replies":[{"embeddable":true,"href":"https:\/\/serbenidorm.daliisolutions.com\/index.php\/wp-json\/wp\/v2\/comments?post=41"}],"version-history":[{"count":0,"href":"https:\/\/serbenidorm.daliisolutions.com\/index.php\/wp-json\/wp\/v2\/posts\/41\/revisions"}],"wp:featuredmedia":[{"embeddable":true,"href":"https:\/\/serbenidorm.daliisolutions.com\/index.php\/wp-json\/wp\/v2\/media\/42"}],"wp:attachment":[{"href":"https:\/\/serbenidorm.daliisolutions.com\/index.php\/wp-json\/wp\/v2\/media?parent=41"}],"wp:term":[{"taxonomy":"category","embeddable":true,"href":"https:\/\/serbenidorm.daliisolutions.com\/index.php\/wp-json\/wp\/v2\/categories?post=41"},{"taxonomy":"post_tag","embeddable":true,"href":"https:\/\/serbenidorm.daliisolutions.com\/index.php\/wp-json\/wp\/v2\/tags?post=41"}],"curies":[{"name":"wp","href":"https:\/\/api.w.org\/{rel}","templated":true}]}}