{"id":4105,"date":"2024-04-15T12:56:58","date_gmt":"2024-04-15T10:56:58","guid":{"rendered":"https:\/\/serbenidorm.daliisolutions.com\/index.php\/2024\/04\/15\/un-polvorin-los-vecinos-de-tarbena-viven-el-incendio-con-preocupacion\/"},"modified":"2024-04-15T12:56:58","modified_gmt":"2024-04-15T10:56:58","slug":"un-polvorin-los-vecinos-de-tarbena-viven-el-incendio-con-preocupacion","status":"publish","type":"post","link":"https:\/\/serbenidorm.daliisolutions.com\/index.php\/2024\/04\/15\/un-polvorin-los-vecinos-de-tarbena-viven-el-incendio-con-preocupacion\/","title":{"rendered":"\u00abUn polvor\u00edn\u00bb: los vecinos de T\u00e1rbena viven el incendio con preocupaci\u00f3n"},"content":{"rendered":"  <p>T\u00e1rbena<\/p>   <p>Desde el llamado \u2018balc\u00f3n\u2019 de T\u00e1rbena los vecinos observan las tareas de extinci\u00f3n del incendio declarado en la Sierra Ferrer, al otro lado de la monta\u00f1a. En corrillos y con evidente preocupaci\u00f3n van siguiendo con la mirada las maniobras de los helic\u00f3pteros para recoger agua desde la piscina municipal y descargarla sobre el frente de llamas que, desde el domingo a mediod\u00eda, ha calcinado algo m\u00e1s de medio millar de hect\u00e1reas y ha obligado a desalojar a 180 personas.<\/p>   <p><div><a href=\"https:\/\/cadenaser.com\/comunitat-valenciana\/2024\/04\/15\/continua-activo-el-incendio-forestal-declarado-en-tarbena-radio-benidorm\/\">Mejora la situaci\u00f3n del incendio de T\u00e1rbena que ha obligado a desalojar a 180 personas<\/a><p><\/p><\/div><\/p>   <p>Tom\u00e1s, que conoce bien la zona, explica que \u201cahora no hace viento y los helic\u00f3pteros est\u00e1n trabajando muy r\u00e1pido, pero ha hecho mucho da\u00f1o y estamos desesperados porque esto es un polvor\u00edn\u201d. \u201cHay un barranco que nace desde el Algar y el Coll de Rates. Aqu\u00ed la pluviometr\u00eda es muy alta y se reproduce mucho la zona forestal y ahora est\u00e1 al m\u00e1ximo. Es una zona muy mala de limpiar en su totalidad, pero es un polvor\u00edn y siempre se quema cuando m\u00e1s peligro hay\u201d, insiste.<\/p>   <p>Algo m\u00e1s retiradas dos vecinas, Vicenta y Vicenta, charlan en el portal de una de ellas: \u201cTenemos mucho disgusto porque el fuego ha llegado a una casita que tenemos, que es de mi hijo. Y como a nosotros, le est\u00e1 sucediendo lo mismo a mucha gente que la tiene bien arreglada\u201d. En cualquier caso, no le preocupa mucho el futuro de esa construcci\u00f3n \u201cporque est\u00e1 en ruinas. La quer\u00edamos vender\u2026 ya veremos. Me da pena porque eran m\u00e1s de diez mil metros\u2026 llor\u00e9 y todo ayer por la noche. Mi jardincito me lo ha quitado seguro\u201d.<\/p> ","protected":false},"excerpt":{"rendered":"<p>Algunos de ellos tienen terrenos en la zona del fuego y todos lamentan la quema del entorno natural<\/p>\n","protected":false},"author":0,"featured_media":4106,"comment_status":"open","ping_status":"open","sticky":false,"template":"","format":"standard","meta":{"_acf_changed":false,"footnotes":""},"categories":[1],"tags":[],"class_list":["post-4105","post","type-post","status-publish","format-standard","has-post-thumbnail","hentry","category-sin-categoria"],"acf":{"ser_id":"JMBMBQMT65A6ZCNF3KXI3VOW4Y","ser_url":"https:\/\/cadenaser.com\/comunitat-valenciana\/2024\/04\/15\/un-polvorin-los-vecinos-de-tarbena-viven-el-incendio-con-preocupacion-radio-benidorm\/"},"_links":{"self":[{"href":"https:\/\/serbenidorm.daliisolutions.com\/index.php\/wp-json\/wp\/v2\/posts\/4105","targetHints":{"allow":["GET"]}}],"collection":[{"href":"https:\/\/serbenidorm.daliisolutions.com\/index.php\/wp-json\/wp\/v2\/posts"}],"about":[{"href":"https:\/\/serbenidorm.daliisolutions.com\/index.php\/wp-json\/wp\/v2\/types\/post"}],"replies":[{"embeddable":true,"href":"https:\/\/serbenidorm.daliisolutions.com\/index.php\/wp-json\/wp\/v2\/comments?post=4105"}],"version-history":[{"count":0,"href":"https:\/\/serbenidorm.daliisolutions.com\/index.php\/wp-json\/wp\/v2\/posts\/4105\/revisions"}],"wp:featuredmedia":[{"embeddable":true,"href":"https:\/\/serbenidorm.daliisolutions.com\/index.php\/wp-json\/wp\/v2\/media\/4106"}],"wp:attachment":[{"href":"https:\/\/serbenidorm.daliisolutions.com\/index.php\/wp-json\/wp\/v2\/media?parent=4105"}],"wp:term":[{"taxonomy":"category","embeddable":true,"href":"https:\/\/serbenidorm.daliisolutions.com\/index.php\/wp-json\/wp\/v2\/categories?post=4105"},{"taxonomy":"post_tag","embeddable":true,"href":"https:\/\/serbenidorm.daliisolutions.com\/index.php\/wp-json\/wp\/v2\/tags?post=4105"}],"curies":[{"name":"wp","href":"https:\/\/api.w.org\/{rel}","templated":true}]}}