{"id":4126,"date":"2024-04-16T08:01:18","date_gmt":"2024-04-16T06:01:18","guid":{"rendered":"https:\/\/serbenidorm.daliisolutions.com\/index.php\/2024\/04\/16\/la-evolucion-del-incendio-de-tarbena-es-favorable\/"},"modified":"2024-04-16T08:01:18","modified_gmt":"2024-04-16T06:01:18","slug":"la-evolucion-del-incendio-de-tarbena-es-favorable","status":"publish","type":"post","link":"https:\/\/serbenidorm.daliisolutions.com\/index.php\/2024\/04\/16\/la-evolucion-del-incendio-de-tarbena-es-favorable\/","title":{"rendered":"La evoluci\u00f3n del incendio de T\u00e0rbena es favorable"},"content":{"rendered":"  <p>Benidorm<\/p>   <p>El 112 de la Comunitat Valenciana ha informado a primera hlora de este martes de que la evoluci\u00f3n del incendio declarado este domingo en la localidad alicantina de T\u00e0rbena evoluciona favorablemente. Los medios han podido trabajar durante la noche y ya no hay llama en el per\u00edmetro. La previsi\u00f3n es que los medios a\u00e9rps se incorporen a partir de las 8 de la ma\u00f1ana de este martes.<\/p>   <p><div><blockquote class=\"twitter-tweet\"><p lang=\"es\" dir=\"ltr\">(07:00 h) \u27a1\ufe0f Actualizaci\u00f3n <a href=\"https:\/\/twitter.com\/hashtag\/IFT%C3%A0rbena?src=hash&amp;ref_src=twsrc%5Etfw\">#IFT\u00e0rbena<\/a><br><br>\ud83d\udd39La evoluci\u00f3n es favorable. <br>\ud83d\udd39 Los medios han podido trabajar y no hay llama en el per\u00edmetro. <br>\ud83d\udd39Est\u00e1 previsto que los medios a\u00e9reos se incorporen a partir de las 8 de la ma\u00f1ana<br>\ud83d\udd39Medios terrestres previstos: 6 dotaciones del\u2026<\/p>\u2014 Emerg\u00e8ncies 112CV (@GVA112) <a href=\"https:\/\/twitter.com\/GVA112\/status\/1780101176429588593?ref_src=twsrc%5Etfw\">April 16, 2024<\/a><\/blockquote>   <\/div><\/p>   <p><p>M\u00e1s informaci\u00f3n<\/p><ul><li><a href=\"https:\/\/cadenaser.com\/comunitat-valenciana\/2024\/04\/15\/continua-activo-el-incendio-forestal-declarado-en-tarbena-radio-benidorm\/\">Dos detenidos por el incendio de T\u00e0rbena que sigue descontrolado y mantiene desalojadas a 182 personas<\/a><\/li><\/ul><\/p>   <p><p><strong>Sigue el canal de la SER en WhatsApp<\/strong><br \/>Encontrar\u00e1s toda la informaci\u00f3n, el deporte y el entretenimiento: la actualidad del d\u00eda y las noticias de \u00faltima hora, los mejores v\u00eddeos y momentos de la radio, entrevistas, reportajes y mucho m\u00e1s.<\/p><a href=\"https:\/\/www.whatsapp.com\/channel\/0029Va633PF9WtC4l7XUzh1e\" title=\"Suscr\u00edbete\">Suscr\u00edbete ahora<\/a><\/p> ","protected":false},"excerpt":{"rendered":"<p>Los efectivos de emergencias han podido trabajar durante la noche<\/p>\n","protected":false},"author":0,"featured_media":4127,"comment_status":"open","ping_status":"open","sticky":false,"template":"","format":"standard","meta":{"_acf_changed":false,"footnotes":""},"categories":[1],"tags":[],"class_list":["post-4126","post","type-post","status-publish","format-standard","has-post-thumbnail","hentry","category-sin-categoria"],"acf":{"ser_id":"2EE4YBKORBBM3FHI63N4SZPNHA","ser_url":"https:\/\/cadenaser.com\/comunitat-valenciana\/2024\/04\/16\/la-evolucion-del-incendio-de-tarbena-es-favorable-radio-benidorm\/"},"_links":{"self":[{"href":"https:\/\/serbenidorm.daliisolutions.com\/index.php\/wp-json\/wp\/v2\/posts\/4126","targetHints":{"allow":["GET"]}}],"collection":[{"href":"https:\/\/serbenidorm.daliisolutions.com\/index.php\/wp-json\/wp\/v2\/posts"}],"about":[{"href":"https:\/\/serbenidorm.daliisolutions.com\/index.php\/wp-json\/wp\/v2\/types\/post"}],"replies":[{"embeddable":true,"href":"https:\/\/serbenidorm.daliisolutions.com\/index.php\/wp-json\/wp\/v2\/comments?post=4126"}],"version-history":[{"count":0,"href":"https:\/\/serbenidorm.daliisolutions.com\/index.php\/wp-json\/wp\/v2\/posts\/4126\/revisions"}],"wp:featuredmedia":[{"embeddable":true,"href":"https:\/\/serbenidorm.daliisolutions.com\/index.php\/wp-json\/wp\/v2\/media\/4127"}],"wp:attachment":[{"href":"https:\/\/serbenidorm.daliisolutions.com\/index.php\/wp-json\/wp\/v2\/media?parent=4126"}],"wp:term":[{"taxonomy":"category","embeddable":true,"href":"https:\/\/serbenidorm.daliisolutions.com\/index.php\/wp-json\/wp\/v2\/categories?post=4126"},{"taxonomy":"post_tag","embeddable":true,"href":"https:\/\/serbenidorm.daliisolutions.com\/index.php\/wp-json\/wp\/v2\/tags?post=4126"}],"curies":[{"name":"wp","href":"https:\/\/api.w.org\/{rel}","templated":true}]}}