{"id":4143,"date":"2024-04-16T15:49:10","date_gmt":"2024-04-16T13:49:10","guid":{"rendered":"https:\/\/serbenidorm.daliisolutions.com\/index.php\/2024\/04\/16\/adriano-lamb-seguira-siendo-el-dueno-del-banquillo-del-servigroup-benidorm\/"},"modified":"2024-04-16T15:49:10","modified_gmt":"2024-04-16T13:49:10","slug":"adriano-lamb-seguira-siendo-el-dueno-del-banquillo-del-servigroup-benidorm","status":"publish","type":"post","link":"https:\/\/serbenidorm.daliisolutions.com\/index.php\/2024\/04\/16\/adriano-lamb-seguira-siendo-el-dueno-del-banquillo-del-servigroup-benidorm\/","title":{"rendered":"Adriano Lamb seguir\u00e1 siendo el due\u00f1o del banquillo del Servigroup Benidorm"},"content":{"rendered":"  <p>Benidorm<\/p>   <p>El Club Voleibol Playas de Benidorm sigue preparando su proyecto para la Superliga 2 tanto masculina como femenina de la pr\u00f3xima temporada y este martes hemos conocido la renovaci\u00f3n del brasile\u00f1o Adriano Lamb como entrenador del Servigroup Benidorm masculino.<\/p>   <p>En la reci\u00e9n terminada temporada, Lamb, de 49 a\u00f1os, ha llevado al equipo del Pabell\u00f3n Ra\u00fal Mesa hasta la tercera posici\u00f3n de la clasificaci\u00f3n, qued\u00e1ndose a un solo punto de poder disputar la fase de ascenso a la m\u00e1xima categor\u00eda. En el banquillo, junto al brasile\u00f1o, tambi\u00e9n seguir\u00e1 el que ha sido su segundo entrenador esta campa\u00f1a, Iv\u00e1n Navarro.<\/p>   <p>Lamb, cuenta tambi\u00e9n con un extenso bagaje en el club en categor\u00edas inferiores. Fue finalista en la Final Auton\u00f3mica con el equipo juvenil masculino, clasificando al equipo entre los mejores equipos de Espa\u00f1a, logr\u00f3 un cuarto puesto con el equipo cadete femenino en el Campeonato de Espa\u00f1a, y campe\u00f3n auton\u00f3mico con el equipo cadete masculino logrando un octavo puesto en el Campeonato Nacional.<\/p>   <p>Anteriormente su trayectoria deportiva ha pasado por diferentes pa\u00edses destacando su paso por la Selecci\u00f3n Peruana para preparar el Mundial 2007, ocho a\u00f1os dirigiendo equipos en Brasil como GPA Voleibol o Battel Force, y en Espa\u00f1a a cargo del conjunto manchega CV Adeva o las selecciones auton\u00f3micas de Castilla la Mancha y la Comunidad Valenciana.<\/p> ","protected":false},"excerpt":{"rendered":"<p>El t\u00e9cnico brasile\u00f1o ha llevado al equipo del Ra\u00fal Mesa hasta la tercera plaza de la Superliga 2 masculina<\/p>\n","protected":false},"author":0,"featured_media":4144,"comment_status":"open","ping_status":"open","sticky":false,"template":"","format":"standard","meta":{"_acf_changed":false,"footnotes":""},"categories":[16],"tags":[],"class_list":["post-4143","post","type-post","status-publish","format-standard","has-post-thumbnail","hentry","category-deportes"],"acf":{"ser_id":"OZEHC2MARJARPHAUGDFQKDGOIQ","ser_url":"https:\/\/cadenaser.com\/comunitat-valenciana\/2024\/04\/16\/adriano-lamb-seguira-siendo-el-dueno-del-banquillo-del-servigroup-benidorm-radio-benidorm\/"},"_links":{"self":[{"href":"https:\/\/serbenidorm.daliisolutions.com\/index.php\/wp-json\/wp\/v2\/posts\/4143","targetHints":{"allow":["GET"]}}],"collection":[{"href":"https:\/\/serbenidorm.daliisolutions.com\/index.php\/wp-json\/wp\/v2\/posts"}],"about":[{"href":"https:\/\/serbenidorm.daliisolutions.com\/index.php\/wp-json\/wp\/v2\/types\/post"}],"replies":[{"embeddable":true,"href":"https:\/\/serbenidorm.daliisolutions.com\/index.php\/wp-json\/wp\/v2\/comments?post=4143"}],"version-history":[{"count":0,"href":"https:\/\/serbenidorm.daliisolutions.com\/index.php\/wp-json\/wp\/v2\/posts\/4143\/revisions"}],"wp:featuredmedia":[{"embeddable":true,"href":"https:\/\/serbenidorm.daliisolutions.com\/index.php\/wp-json\/wp\/v2\/media\/4144"}],"wp:attachment":[{"href":"https:\/\/serbenidorm.daliisolutions.com\/index.php\/wp-json\/wp\/v2\/media?parent=4143"}],"wp:term":[{"taxonomy":"category","embeddable":true,"href":"https:\/\/serbenidorm.daliisolutions.com\/index.php\/wp-json\/wp\/v2\/categories?post=4143"},{"taxonomy":"post_tag","embeddable":true,"href":"https:\/\/serbenidorm.daliisolutions.com\/index.php\/wp-json\/wp\/v2\/tags?post=4143"}],"curies":[{"name":"wp","href":"https:\/\/api.w.org\/{rel}","templated":true}]}}