{"id":4145,"date":"2024-04-16T15:49:12","date_gmt":"2024-04-16T13:49:12","guid":{"rendered":"https:\/\/serbenidorm.daliisolutions.com\/index.php\/2024\/04\/16\/daniil-zhukov-seguira-hasta-2026-defendiendo-los-colores-del-tm-benidorm\/"},"modified":"2024-04-16T15:49:12","modified_gmt":"2024-04-16T13:49:12","slug":"daniil-zhukov-seguira-hasta-2026-defendiendo-los-colores-del-tm-benidorm","status":"publish","type":"post","link":"https:\/\/serbenidorm.daliisolutions.com\/index.php\/2024\/04\/16\/daniil-zhukov-seguira-hasta-2026-defendiendo-los-colores-del-tm-benidorm\/","title":{"rendered":"Daniil Zhukov seguir\u00e1 hasta 2026 defendiendo los colores del TM Benidorm"},"content":{"rendered":"  <p>Benidorm<\/p>   <p>El pivote Daniil Zhukov, que esta temporada est\u00e1 cumpliendo su primera campa\u00f1a como jugador del equipo de <a href=\"https:\/\/cadenaser.com\/tag\/liga_asobal\/a\/\" target=\"_blank\" rel=\"noopener\">Liga Asobal<\/a> del Club Balonmano Benidorm, seguir\u00e1 defendiendo los intereses del <a href=\"https:\/\/cadenaser.com\/tag\/club_balonmano_benidorm\/a\/\" target=\"_blank\" rel=\"noopener\">TM Benidorm<\/a>, al menos, hasta 2026. As\u00ed lo ha anunciado la entidad del Palau d\u2019Esports, en cuyas categor\u00edas inferiores se form\u00f3 el hijo de dos jugadores m\u00edticos de la competici\u00f3n nacional como son Mijail Zhukov y Katia Zhukova.<\/p>  <p><p>M\u00e1s informaci\u00f3n<\/p><figure><img decoding=\"async\" src=\"https:\/\/cadenaser.com\/resizer\/FvZRnE5yP6ctd6x36gSwjl0TXk4=\/650x366\/filters:quality(70)\/cloudfront-eu-central-1.images.arcpublishing.com\/prisaradio\/OAKMBNI4ZFETHMSLQCGXLEMVPA.jpg\" loading=\"lazy\" width=\"828\" height=\"621\" \/><\/figure><ul><li><a href=\"https:\/\/cadenaser.com\/comunitat-valenciana\/2024\/04\/03\/esta-sera-la-plantilla-del-tm-benidorm-para-la-temporada-2024-2025-radio-benidorm\/\">Esta ser\u00e1 la plantilla del TM Benidorm para la temporada 2024-2025<\/a><\/li><\/ul><\/p>   <p>Tras dos temporadas en el Servigroup Benidorm de Primera Nacional, Zhukov dio el salto este a\u00f1o al primer equipo, gan\u00e1ndose por m\u00e9ritos propios su plaza, sobre todo, durante la complicada primera vuelta liguera en la que las lesiones se cebaron con muchos de sus compa\u00f1eros.<\/p>   <p>En lo que llevamos de temporada, Zhukov ya ha anotado 40 goles y se ha convertido en una basti\u00f3n fundamental en el centro de la defensa benidormense.<\/p> ","protected":false},"excerpt":{"rendered":"<p>Producto de la cantera benidormense, se ha convertido en uno de los protagonistas de la presente campa\u00f1a<\/p>\n","protected":false},"author":0,"featured_media":4146,"comment_status":"open","ping_status":"open","sticky":false,"template":"","format":"standard","meta":{"_acf_changed":false,"footnotes":""},"categories":[16],"tags":[],"class_list":["post-4145","post","type-post","status-publish","format-standard","has-post-thumbnail","hentry","category-deportes"],"acf":{"ser_id":"EEI3BMICQVGNFGDM2PZLOHB4F4","ser_url":"https:\/\/cadenaser.com\/comunitat-valenciana\/2024\/04\/16\/daniil-zhukov-seguira-hasta-2026-defendiendo-los-colores-del-tm-benidorm-radio-benidorm\/"},"_links":{"self":[{"href":"https:\/\/serbenidorm.daliisolutions.com\/index.php\/wp-json\/wp\/v2\/posts\/4145","targetHints":{"allow":["GET"]}}],"collection":[{"href":"https:\/\/serbenidorm.daliisolutions.com\/index.php\/wp-json\/wp\/v2\/posts"}],"about":[{"href":"https:\/\/serbenidorm.daliisolutions.com\/index.php\/wp-json\/wp\/v2\/types\/post"}],"replies":[{"embeddable":true,"href":"https:\/\/serbenidorm.daliisolutions.com\/index.php\/wp-json\/wp\/v2\/comments?post=4145"}],"version-history":[{"count":0,"href":"https:\/\/serbenidorm.daliisolutions.com\/index.php\/wp-json\/wp\/v2\/posts\/4145\/revisions"}],"wp:featuredmedia":[{"embeddable":true,"href":"https:\/\/serbenidorm.daliisolutions.com\/index.php\/wp-json\/wp\/v2\/media\/4146"}],"wp:attachment":[{"href":"https:\/\/serbenidorm.daliisolutions.com\/index.php\/wp-json\/wp\/v2\/media?parent=4145"}],"wp:term":[{"taxonomy":"category","embeddable":true,"href":"https:\/\/serbenidorm.daliisolutions.com\/index.php\/wp-json\/wp\/v2\/categories?post=4145"},{"taxonomy":"post_tag","embeddable":true,"href":"https:\/\/serbenidorm.daliisolutions.com\/index.php\/wp-json\/wp\/v2\/tags?post=4145"}],"curies":[{"name":"wp","href":"https:\/\/api.w.org\/{rel}","templated":true}]}}