{"id":4156,"date":"2024-04-16T19:36:00","date_gmt":"2024-04-16T17:36:00","guid":{"rendered":"https:\/\/serbenidorm.daliisolutions.com\/index.php\/2024\/04\/16\/los-ninos-de-tarbena-agradecen-a-los-efectivos-de-emergencias-su-trabajo-en-el-incendio\/"},"modified":"2024-04-16T19:36:00","modified_gmt":"2024-04-16T17:36:00","slug":"los-ninos-de-tarbena-agradecen-a-los-efectivos-de-emergencias-su-trabajo-en-el-incendio","status":"publish","type":"post","link":"https:\/\/serbenidorm.daliisolutions.com\/index.php\/2024\/04\/16\/los-ninos-de-tarbena-agradecen-a-los-efectivos-de-emergencias-su-trabajo-en-el-incendio\/","title":{"rendered":"Los ni\u00f1os de T\u00e0rbena agradecen a los efectivos de emergencias su trabajo en el incendio"},"content":{"rendered":"  <p>T\u00e0rbena<\/p>   <p>Los alumnos del CEIP San Salvador de T\u00e0rbena, en el interior de la Marina Baixa, no tuvieron clase este lunes. <a href=\"https:\/\/cadenaser.com\/comunitat-valenciana\/2024\/04\/15\/continua-activo-el-incendio-forestal-declarado-en-tarbena-radio-benidorm\/\" target=\"_blank\" rel=\"noopener\">El incendio forestal declarado el domingo junto a la localidad<\/a> les permiti\u00f3 quedarse en casa observando a los efectivos de emergencias y a los medios a\u00e9reos que han cambiado por completo la escena habitual de este peque\u00f1o pueblo de menos de 700 habitantes.<\/p>   <p><a href=\"https:\/\/cadenaser.com\/2022\/02\/22\/el-alcalde-de-tarbena-denuncia-la-falta-de-autobus\/\" target=\"_blank\" rel=\"noopener\">Un pueblo que podr\u00eda temer por la desaparici\u00f3n de su escuela porque cada vez son menos los ni\u00f1os y donde parte del campo se descuida porque ya no hay quien lo cuide<\/a>. Un pueblo que lucha contra la despoblaci\u00f3n y cuyo futuro, esos escolares de infantil y primaria, han preparado este martes en clase esa pancarta dedicada a todos los que est\u00e1n trabajando para salvar su entorno natural con una sola palabra: &#8216;Gracies&#8217;.<\/p>   <p>Una vez terminada se han acercado junto a sus profesores al Puesto de Mando Avanzado situado junto a la Casa de Cultura de la localidad y han entregado el obsequio a los efectivos del Consorcio Provincial de Bomberos, de las Brigadas Forestales de la Generalitat y de la Unidad Militar de Emergencias que en ese momento se encontraban.<\/p>   <p><div><blockquote class=\"twitter-tweet\"><p lang=\"ca\" dir=\"ltr\">\ud83e\uddd2L&#8217;alumnat del Col\u00b7legi P\u00fablic de T\u00e0rbena, ha sorpr\u00e9s este mat\u00ed a tots els efectius desplegats en el Lloc de Comandament Avan\u00e7at per a agrair-los el treball que estan realitzant per a extingir el foc del <a href=\"https:\/\/twitter.com\/hashtag\/IFT%C3%A0rbena?src=hash&amp;ref_src=twsrc%5Etfw\">#IFT\u00e0rbena<\/a>. <br><br>\ud83e\udef6 Des d&#8217;ac\u00ed volem donar-vos les gr\u00e0cies a vosaltres per este\u2026 <a href=\"https:\/\/t.co\/8dWlNIAk3e\">pic.twitter.com\/8dWlNIAk3e<\/a><\/p>\u2014 Emerg\u00e8ncies 112CV (@GVA112) <a href=\"https:\/\/twitter.com\/GVA112\/status\/1780220494563680259?ref_src=twsrc%5Etfw\">April 16, 2024<\/a><\/blockquote>   <\/div><\/p>   <p>Elizabeth Wade, una de las maestras, ha explicado que la iniciativa ten\u00eda un doble objetivo. Por un lado, \u201clos ni\u00f1os quer\u00edan darle las gracias a los bomberos por la gran labor que han hecho estos d\u00edas\u201d. Y es que, tal y como explica la docente, \u201cayer estuvieron todo el d\u00eda en sus casas escuchando los helic\u00f3pteros, los aviones, las sirenas\u2026 se han quedado alucinados\u201d. Por el otro \u201clo que hemos querido es, adem\u00e1s de dar las gracias, procesar la experiencia que han vivido\u201d.<\/p>   <p>Wade cuenta que entre los alumnos \u201chay muchas emociones\u201d. Como es l\u00f3gico a edades tan tempranas, \u201chan tenido miedo y sufrimiento por todo lo que han visto; pero tambi\u00e9n admiraci\u00f3n hacia todas las personas que han estado trabajando d\u00eda y noche en el per\u00edmetro del incendio. Ha sido una vivencia \u00fanica para ellos\u201d.<\/p>   <p><div><a href=\"https:\/\/cadenaser.com\/comunitat-valenciana\/2024\/04\/15\/un-polvorin-los-vecinos-de-tarbena-viven-el-incendio-con-preocupacion-radio-benidorm\/\">\u00abUn polvor\u00edn\u00bb: los vecinos de T\u00e0rbena viven el incendio con preocupaci\u00f3n<\/a><p><\/p><\/div><\/p> ","protected":false},"excerpt":{"rendered":"<p>Los alumnos del CEIP San Salvador han preparado una pancarta que ya cuelga junto al Puesto de Mando Avanzado<\/p>\n","protected":false},"author":0,"featured_media":4157,"comment_status":"open","ping_status":"open","sticky":false,"template":"","format":"standard","meta":{"_acf_changed":false,"footnotes":""},"categories":[1],"tags":[],"class_list":["post-4156","post","type-post","status-publish","format-standard","has-post-thumbnail","hentry","category-sin-categoria"],"acf":{"ser_id":"ZNQOUAXW3BHVPLYTXFSCZEXO2U","ser_url":"https:\/\/cadenaser.com\/comunitat-valenciana\/2024\/04\/16\/los-ninos-de-tarbena-agradecen-a-los-efectivos-de-emergencias-su-trabajo-en-el-incendio-radio-benidorm\/"},"_links":{"self":[{"href":"https:\/\/serbenidorm.daliisolutions.com\/index.php\/wp-json\/wp\/v2\/posts\/4156","targetHints":{"allow":["GET"]}}],"collection":[{"href":"https:\/\/serbenidorm.daliisolutions.com\/index.php\/wp-json\/wp\/v2\/posts"}],"about":[{"href":"https:\/\/serbenidorm.daliisolutions.com\/index.php\/wp-json\/wp\/v2\/types\/post"}],"replies":[{"embeddable":true,"href":"https:\/\/serbenidorm.daliisolutions.com\/index.php\/wp-json\/wp\/v2\/comments?post=4156"}],"version-history":[{"count":0,"href":"https:\/\/serbenidorm.daliisolutions.com\/index.php\/wp-json\/wp\/v2\/posts\/4156\/revisions"}],"wp:featuredmedia":[{"embeddable":true,"href":"https:\/\/serbenidorm.daliisolutions.com\/index.php\/wp-json\/wp\/v2\/media\/4157"}],"wp:attachment":[{"href":"https:\/\/serbenidorm.daliisolutions.com\/index.php\/wp-json\/wp\/v2\/media?parent=4156"}],"wp:term":[{"taxonomy":"category","embeddable":true,"href":"https:\/\/serbenidorm.daliisolutions.com\/index.php\/wp-json\/wp\/v2\/categories?post=4156"},{"taxonomy":"post_tag","embeddable":true,"href":"https:\/\/serbenidorm.daliisolutions.com\/index.php\/wp-json\/wp\/v2\/tags?post=4156"}],"curies":[{"name":"wp","href":"https:\/\/api.w.org\/{rel}","templated":true}]}}