{"id":4169,"date":"2024-04-17T11:01:07","date_gmt":"2024-04-17T09:01:07","guid":{"rendered":"https:\/\/serbenidorm.daliisolutions.com\/index.php\/2024\/04\/17\/asi-es-la-nucia-gastronomica-eventos-rutas-y-concursos\/"},"modified":"2024-04-17T11:01:07","modified_gmt":"2024-04-17T09:01:07","slug":"asi-es-la-nucia-gastronomica-eventos-rutas-y-concursos","status":"publish","type":"post","link":"https:\/\/serbenidorm.daliisolutions.com\/index.php\/2024\/04\/17\/asi-es-la-nucia-gastronomica-eventos-rutas-y-concursos\/","title":{"rendered":"As\u00ed es &#8216;La Nuc\u00eda Gastron\u00f3mica&#8217;: eventos, rutas y concursos"},"content":{"rendered":"  <p>La Nuc\u00eda<\/p>   <p>Platos de cuchara, arroces, cocas, minxos, postres&#8230; <a href=\"https:\/\/cadenaser.com\/tag\/la_nucia\/a\/\" target=\"_blank\" rel=\"noopener\">\u201cLa Nuc\u00eda Gastron\u00f3mica\u201d<\/a> es el nombre de la nueva marca con la que esta localidad quiere dar a conocer su patrimonio culinario. El proyecto trae consigo un amplio calendario de eventos, rutas, jornadas o concursos. <\/p>   <p><li>\u201cLa Nuc\u00eda Gastro Day\u201d, S\u00e1bado 27 Abril en el CEM El Captivador.,<\/li><li>Jornadas Turismo Gastron\u00f3mico, Oportunidad para los Municipios de Interior. 7 de Mayo en la Seu de La Nucia<\/li><li>La Nit del Vi. 15 de Junio en el Casco Antiguo<\/li><li>Mercado Gastron\u00f3mico y I Concurso de \u00abElaboraci\u00f3n de Minxos\u00bb. 13 de Julio en el Casco Antiguo<\/li><li>Alicante Gastron\u00f3mica. Stand de La Nuc\u00eda en la Feria. Del 27 al 30 Septiembre.<\/li><li>Degusta La Nuc\u00eda, Concurso y ruta de tapas. Del 1 al 10 de noviembre.<\/li><li>Cata Maridaje.Todos los meses en el Lab_Nucia.<\/li><\/p>   <p>El embajador gastron\u00f3mico de La Nuc\u00eda, Francisco Cano &#8216;el Xato&#8217;, ha destacado durante la presentaci\u00f3n que este \u00abes el principio de una historia muy bonita que va a traer muchas m\u00e1s sorpresas el a\u00f1o que viene\u00bb.<\/p>   <p>La Nuc\u00eda Gastro Day<\/p>   <p>El primer evento ser\u00e1 \u201cLa Nuc\u00eda Gastro Day\u201d empezar\u00e1 el s\u00e1bado 27 de abril a mediod\u00eda en el CEM El Captivador. Las entradas para esta jornada donde participan destacados chefs de la comarca, se pueden adquirir ya en <a href=\"https:\/\/lanuciagastronomica.com\/la-nucia-gastroday\/\" rel=\"nofollow\">https:\/\/lanuciagastronomica.com\/la-nucia-gastroday\/<\/a>. La primera parada ser\u00e1 una zona de aperitivos donde se ofrecer\u00e1 una variedad de productos locales. La experiencia continuar\u00e1 con la degustaci\u00f3n de seis platos.<\/p> ","protected":false},"excerpt":{"rendered":"<p>El primero de ellos ser\u00e1 \u201cLa Nuc\u00eda Gastro Day\u201d el s\u00e1bado 27 de abril en el CEM Captivador<\/p>\n","protected":false},"author":0,"featured_media":4170,"comment_status":"open","ping_status":"open","sticky":false,"template":"","format":"standard","meta":{"_acf_changed":false,"footnotes":""},"categories":[1],"tags":[],"class_list":["post-4169","post","type-post","status-publish","format-standard","has-post-thumbnail","hentry","category-sin-categoria"],"acf":{"ser_id":"ZSATRVG7K5DGHNC2IIHSF55TOY","ser_url":"https:\/\/cadenaser.com\/comunitat-valenciana\/2024\/04\/17\/asi-es-la-nucia-gastronomica-eventos-rutas-y-concursos-radio-benidorm\/"},"_links":{"self":[{"href":"https:\/\/serbenidorm.daliisolutions.com\/index.php\/wp-json\/wp\/v2\/posts\/4169","targetHints":{"allow":["GET"]}}],"collection":[{"href":"https:\/\/serbenidorm.daliisolutions.com\/index.php\/wp-json\/wp\/v2\/posts"}],"about":[{"href":"https:\/\/serbenidorm.daliisolutions.com\/index.php\/wp-json\/wp\/v2\/types\/post"}],"replies":[{"embeddable":true,"href":"https:\/\/serbenidorm.daliisolutions.com\/index.php\/wp-json\/wp\/v2\/comments?post=4169"}],"version-history":[{"count":0,"href":"https:\/\/serbenidorm.daliisolutions.com\/index.php\/wp-json\/wp\/v2\/posts\/4169\/revisions"}],"wp:featuredmedia":[{"embeddable":true,"href":"https:\/\/serbenidorm.daliisolutions.com\/index.php\/wp-json\/wp\/v2\/media\/4170"}],"wp:attachment":[{"href":"https:\/\/serbenidorm.daliisolutions.com\/index.php\/wp-json\/wp\/v2\/media?parent=4169"}],"wp:term":[{"taxonomy":"category","embeddable":true,"href":"https:\/\/serbenidorm.daliisolutions.com\/index.php\/wp-json\/wp\/v2\/categories?post=4169"},{"taxonomy":"post_tag","embeddable":true,"href":"https:\/\/serbenidorm.daliisolutions.com\/index.php\/wp-json\/wp\/v2\/tags?post=4169"}],"curies":[{"name":"wp","href":"https:\/\/api.w.org\/{rel}","templated":true}]}}