{"id":4171,"date":"2024-04-17T11:15:13","date_gmt":"2024-04-17T09:15:13","guid":{"rendered":"https:\/\/serbenidorm.daliisolutions.com\/index.php\/2024\/04\/17\/este-es-el-calendario-de-los-nuevos-ecoparques-moviles-en-la-marina-baixa\/"},"modified":"2024-04-17T11:15:13","modified_gmt":"2024-04-17T09:15:13","slug":"este-es-el-calendario-de-los-nuevos-ecoparques-moviles-en-la-marina-baixa","status":"publish","type":"post","link":"https:\/\/serbenidorm.daliisolutions.com\/index.php\/2024\/04\/17\/este-es-el-calendario-de-los-nuevos-ecoparques-moviles-en-la-marina-baixa\/","title":{"rendered":"Este es el calendario de los nuevos ecoparques m\u00f3viles en la Marina Baixa"},"content":{"rendered":"  <p>Benidorm<\/p>   <p>Tres nuevos ecoparques m\u00f3viles con un sistema de informatizaci\u00f3n que permitir\u00e1 conocer qu\u00e9 es lo que m\u00e1s reciclan los vecinos han comenzado esta semana sus nuevas rutas para dar servicio a los 52 municipios que componen el <a href=\"https:\/\/cadenaser.com\/tag\/comarca_la_marina_baixa\/a\/\" target=\"_blank\" rel=\"noopener\">Consorci Mare<\/a>.<\/p>   <p>Estos ecoparques ir\u00e1n siempre acompa\u00f1ados de dos educadores ambientales para ayudar y concienciar a los vecinos como ha explicado durante su presentaci\u00f3n el presidente del consorcio Jos\u00e9 Ram\u00f3n Gonz\u00e1lez de Z\u00e1rate: \u00abL<i>os <\/i>Ayuntamientos deben saber que estas instalaciones est\u00e1n a su disposici\u00f3n, y que nos permiten separar aquellos residuos m\u00e1s peligrosos y contaminantes del hogar, y los m\u00e1s molestos para los municipios, como los trastos y enseres\u00bb.<\/p>   <p>Este es el calendario: <\/p>  <p><figure><img decoding=\"async\" src=\"https:\/\/cadenaser.com\/resizer\/vNRsEiY_VPj5dzbxervaoJfFCXI=\/650x488\/filters:quality(70)\/cloudfront-eu-central-1.images.arcpublishing.com\/prisaradio\/5DREMOZFLNARXL6FDYDKU4FER4.jpg\" loading=\"lazy\" width=\"650\" height=\"488\" \/><\/figure><button>Ampliar<\/button><\/p> ","protected":false},"excerpt":{"rendered":"<p>Acompa\u00f1ados de un m\u00f3dulo especial de enseres y podas <\/p>\n","protected":false},"author":0,"featured_media":4172,"comment_status":"open","ping_status":"open","sticky":false,"template":"","format":"standard","meta":{"_acf_changed":false,"footnotes":""},"categories":[1],"tags":[],"class_list":["post-4171","post","type-post","status-publish","format-standard","has-post-thumbnail","hentry","category-sin-categoria"],"acf":{"ser_id":"SMI6S3C4EFFZVKXVZ57PAU4S7U","ser_url":"https:\/\/cadenaser.com\/comunitat-valenciana\/2024\/04\/17\/este-es-el-calendario-de-los-nuevos-ecoparques-moviles-en-la-marina-baixa-radio-benidorm\/"},"_links":{"self":[{"href":"https:\/\/serbenidorm.daliisolutions.com\/index.php\/wp-json\/wp\/v2\/posts\/4171","targetHints":{"allow":["GET"]}}],"collection":[{"href":"https:\/\/serbenidorm.daliisolutions.com\/index.php\/wp-json\/wp\/v2\/posts"}],"about":[{"href":"https:\/\/serbenidorm.daliisolutions.com\/index.php\/wp-json\/wp\/v2\/types\/post"}],"replies":[{"embeddable":true,"href":"https:\/\/serbenidorm.daliisolutions.com\/index.php\/wp-json\/wp\/v2\/comments?post=4171"}],"version-history":[{"count":0,"href":"https:\/\/serbenidorm.daliisolutions.com\/index.php\/wp-json\/wp\/v2\/posts\/4171\/revisions"}],"wp:featuredmedia":[{"embeddable":true,"href":"https:\/\/serbenidorm.daliisolutions.com\/index.php\/wp-json\/wp\/v2\/media\/4172"}],"wp:attachment":[{"href":"https:\/\/serbenidorm.daliisolutions.com\/index.php\/wp-json\/wp\/v2\/media?parent=4171"}],"wp:term":[{"taxonomy":"category","embeddable":true,"href":"https:\/\/serbenidorm.daliisolutions.com\/index.php\/wp-json\/wp\/v2\/categories?post=4171"},{"taxonomy":"post_tag","embeddable":true,"href":"https:\/\/serbenidorm.daliisolutions.com\/index.php\/wp-json\/wp\/v2\/tags?post=4171"}],"curies":[{"name":"wp","href":"https:\/\/api.w.org\/{rel}","templated":true}]}}