{"id":4198,"date":"2024-04-17T19:52:49","date_gmt":"2024-04-17T17:52:49","guid":{"rendered":"https:\/\/serbenidorm.daliisolutions.com\/index.php\/2024\/04\/17\/la-escuela-oficial-de-idiomas-de-benidorm-protesta-ante-la-eliminacion-de-13-grupos-por-la-generalitat\/"},"modified":"2024-04-17T19:52:49","modified_gmt":"2024-04-17T17:52:49","slug":"la-escuela-oficial-de-idiomas-de-benidorm-protesta-ante-la-eliminacion-de-13-grupos-por-la-generalitat","status":"publish","type":"post","link":"https:\/\/serbenidorm.daliisolutions.com\/index.php\/2024\/04\/17\/la-escuela-oficial-de-idiomas-de-benidorm-protesta-ante-la-eliminacion-de-13-grupos-por-la-generalitat\/","title":{"rendered":"La Escuela Oficial de Idiomas de Benidorm protesta ante la eliminaci\u00f3n de 13 grupos por la Generalitat"},"content":{"rendered":"  <p>Benidorm<\/p>   <p>El personal docente de la Escuela Oficial de Idiomas de Benidorm se ha concentrado este mi\u00e9rcoles a las puertas del centro para protestar por los recortes anunciados por el gobierno de la Generalitat Valenciana que supondr\u00e1n la eliminaci\u00f3n de 13 grupos solo en la escuela de la capital tur\u00edstica.<\/p>   <p>Seg\u00fan ha explicado en <a href=\"https:\/\/cadenaser.com\/tag\/benidorm\/a\/\" target=\"_blank\" rel=\"noopener\">Hoy por Hoy Benidorm<\/a> la directora, Cristina Palaz\u00f3n, tanto el personal docente como el alumnado est\u00e1n \u201cmuy preocupados\u201d porque los recortes supondr\u00e1n, no solo la reducci\u00f3n de la oferta horaria sino la desaparici\u00f3n de niveles de las lenguas menos demandadas o la unificaci\u00f3n en una sola clase de varios niveles. <\/p>   <p>\u201cNos encontramos que, con estos recortes tan dr\u00e1sticos, muchos alumnos no podr\u00e1n terminar su formaci\u00f3n y ser ver\u00e1n obligados a desplazarse a Alicante o Valencia para continuar sus estudios\u201d, lamenta. Asimismo indica que tres docentes con plaza asignada a la EOI de Benidorm ser\u00e1n desplazados a otros centros como consecuencia de estos recortes.<\/p>  <p><p>M\u00e1s informaci\u00f3n<\/p><figure><img decoding=\"async\" src=\"https:\/\/cadenaser.com\/resizer\/tQ1fE2o1dBl0zqJ4BQl8In7Tr7Q=\/650x366\/filters:quality(70)\/cloudfront-eu-central-1.images.arcpublishing.com\/prisaradio\/5DREMOZFLNARXL6FDYDKU4FER4.jpg\" loading=\"lazy\" width=\"828\" height=\"621\" \/><\/figure><ul><li><a href=\"https:\/\/cadenaser.com\/comunitat-valenciana\/2024\/04\/17\/este-es-el-calendario-de-los-nuevos-ecoparques-moviles-en-la-marina-baixa-radio-benidorm\/\">Este es el calendario de los nuevos ecoparques m\u00f3viles en la Marina Baixa<\/a><\/li><\/ul><\/p>   <p>Los idiomas m\u00e1s afectados por los recortes son italiano, franc\u00e9s, alem\u00e1n o espa\u00f1ol para extranjeros, a pesar de que en esta \u00faltima disciplina la escuela tiene incluso lista de espera. En el caso de italiano y franc\u00e9s, Conselleria ha recortado la mitad de los grupos. <\/p>   <p>As\u00ed, desaparecer\u00e1 el nivel de C1 de Italiano y, seg\u00fan la directora del centro, los alumnos que han empezado primero de B2 en el centro no van a poder acabar el nivel porque la escuela no va a tener grupos suficientes para ofertar esas plazas.<\/p>   <p>\u201cNo vamos a poder dar continuidad a los alumnos que van a aprobar este a\u00f1o y eso es muy  grave. Conselleria se escuda en que no hay matr\u00edculas pero el caso de espa\u00f1ol para extranjeros es especialmente flagrante porque tenemos las clases llenas y lista de espera, porque no caben en el centro\u201d, reprocha Palaz\u00f3n.<\/p>   <p>El profesorado critica que la ratio de 35 alumnos por aula impuesta por Conselleria es \u201cinviable\u201d para que la formaci\u00f3n pueda alcanzar los niveles de calidad adecuados. \u201cEstudiar un idioma significa practicar, hablar y comunicar y en una clase de 35 no da tiempo a que hable todo el mundo. En las clases masificadas la gente se lo acaba dejando\u201d, a\u00f1ade. Asimismo recuerda que otras ense\u00f1anzas como las que se imparten en la Escuela para Adultos, tienen ratios de 15 alumnos o el Conservatorio de un alumno por hora y profesor.<\/p> ","protected":false},"excerpt":{"rendered":"<p>\u00abConselleria se escuda en que no hay matr\u00edculas pero el caso de espa\u00f1ol para extranjeros es especialmente flagrante porque tenemos las clases llenas y lista de espera, porque no caben en el centro\u00bb<\/p>\n","protected":false},"author":0,"featured_media":4199,"comment_status":"open","ping_status":"open","sticky":false,"template":"","format":"standard","meta":{"_acf_changed":false,"footnotes":""},"categories":[1],"tags":[],"class_list":["post-4198","post","type-post","status-publish","format-standard","has-post-thumbnail","hentry","category-sin-categoria"],"acf":{"ser_id":"PMVEFHWNIZDCVFQSJY6TXD7L4I","ser_url":"https:\/\/cadenaser.com\/comunitat-valenciana\/2024\/04\/17\/la-escuela-oficial-de-idiomas-de-benidorm-protesta-ante-la-eliminacion-de-13-grupos-por-la-generalitat-radio-benidorm\/"},"_links":{"self":[{"href":"https:\/\/serbenidorm.daliisolutions.com\/index.php\/wp-json\/wp\/v2\/posts\/4198","targetHints":{"allow":["GET"]}}],"collection":[{"href":"https:\/\/serbenidorm.daliisolutions.com\/index.php\/wp-json\/wp\/v2\/posts"}],"about":[{"href":"https:\/\/serbenidorm.daliisolutions.com\/index.php\/wp-json\/wp\/v2\/types\/post"}],"replies":[{"embeddable":true,"href":"https:\/\/serbenidorm.daliisolutions.com\/index.php\/wp-json\/wp\/v2\/comments?post=4198"}],"version-history":[{"count":0,"href":"https:\/\/serbenidorm.daliisolutions.com\/index.php\/wp-json\/wp\/v2\/posts\/4198\/revisions"}],"wp:featuredmedia":[{"embeddable":true,"href":"https:\/\/serbenidorm.daliisolutions.com\/index.php\/wp-json\/wp\/v2\/media\/4199"}],"wp:attachment":[{"href":"https:\/\/serbenidorm.daliisolutions.com\/index.php\/wp-json\/wp\/v2\/media?parent=4198"}],"wp:term":[{"taxonomy":"category","embeddable":true,"href":"https:\/\/serbenidorm.daliisolutions.com\/index.php\/wp-json\/wp\/v2\/categories?post=4198"},{"taxonomy":"post_tag","embeddable":true,"href":"https:\/\/serbenidorm.daliisolutions.com\/index.php\/wp-json\/wp\/v2\/tags?post=4198"}],"curies":[{"name":"wp","href":"https:\/\/api.w.org\/{rel}","templated":true}]}}