{"id":4208,"date":"2024-04-18T10:47:45","date_gmt":"2024-04-18T08:47:45","guid":{"rendered":"https:\/\/serbenidorm.daliisolutions.com\/index.php\/2024\/04\/18\/el-club-voleibol-playas-de-benidorm-aspira-a-meter-a-todos-sus-equipos-de-base-en-las-finales-autonomicas\/"},"modified":"2024-04-18T10:47:45","modified_gmt":"2024-04-18T08:47:45","slug":"el-club-voleibol-playas-de-benidorm-aspira-a-meter-a-todos-sus-equipos-de-base-en-las-finales-autonomicas","status":"publish","type":"post","link":"https:\/\/serbenidorm.daliisolutions.com\/index.php\/2024\/04\/18\/el-club-voleibol-playas-de-benidorm-aspira-a-meter-a-todos-sus-equipos-de-base-en-las-finales-autonomicas\/","title":{"rendered":"El Club Voleibol Playas de Benidorm aspira a meter a todos sus equipos de base en las finales Auton\u00f3micas"},"content":{"rendered":"  <p>Benidorm<\/p>   <p>El <a href=\"https:\/\/cadenaser.com\/tag\/club_voleibol_playas_benidorm\/a\/\" target=\"_blank\" rel=\"noopener\">Club Voleibol Playas de Benidorm<\/a> podr\u00eda alcanzar un important\u00edsimo hito en su todav\u00eda corta historia metiendo a todos sus equipos de las categor\u00edas de base en las finales auton\u00f3micas. De hecho, el Benialex Benidorm (Cadete femenino) no s\u00f3lo se meti\u00f3 el pasado fin de semana en esa competici\u00f3n, sino que la gan\u00f3 consiguiendo con ello el pasaporte para la disputa del Campeonato de Espa\u00f1a que se celebrar\u00e1 en la localidad asturiana de Llanes.<\/p>   <p>A partir de ahora, y durante las pr\u00f3ximas semanas, ser\u00e1 el turno del resto de categor\u00edas de ganarse ese privilegio y, con un poco de suerte, poder viajar tambi\u00e9n a disputar los t\u00edtulos nacionales.<\/p>  <p><p>M\u00e1s informaci\u00f3n<\/p><figure><img decoding=\"async\" src=\"https:\/\/cadenaser.com\/resizer\/SjyyX_TaHA8nDnFtiEtLEkJqYGw=\/650x366\/filters:quality(70)\/cloudfront-eu-central-1.images.arcpublishing.com\/prisaradio\/O77KZWNK7VHWPHADNLRVMVZG2Y.jpg\" loading=\"lazy\" width=\"828\" height=\"621\" \/><\/figure><ul><li><a href=\"https:\/\/cadenaser.com\/tag\/club_voleibol_playas_benidorm\/a\/\">Todas las noticias del Club Voleibol Playas de Benidorm<\/a><\/li><\/ul><\/p>   <p>Ese fue uno de los temas de conversaci\u00f3n que se abordaron en SER Deportivos Marina Baixa este mi\u00e9rcoles con motivo de la visita de los responsables del Club Voleibol Playas de Benidorm, una edici\u00f3n en la que <a href=\"https:\/\/cadenaser.com\/comunitat-valenciana\/2024\/04\/10\/noelia-santacreu-se-hara-cargo-del-banquillo-del-hola-cv-benidorm-radio-benidorm\/\" target=\"_blank\" rel=\"noopener\">Noelia Santacreu, nueva entrenadora del HolaCV-Benidorm<\/a> de Superliga 2 femenina y <a href=\"https:\/\/cadenaser.com\/comunitat-valenciana\/2024\/04\/16\/adriano-lamb-seguira-siendo-el-dueno-del-banquillo-del-servigroup-benidorm-radio-benidorm\/\" target=\"_blank\" rel=\"noopener\">Adriano Lamb, que seguir\u00e1 al frente del primer equipo masculino<\/a>, esbozaron los primeros detalles de lo que ser\u00e1 la pr\u00f3xima temporada en la categor\u00eda de plata del voleibol espa\u00f1ol.<\/p>   <p><b>Camiseta de Radio Benidorm-Cadena SER<\/b><\/p>   <p>La visita de los responsables del Club Voleibol Playas de Benidorm tambi\u00e9n sirvi\u00f3 para hacer entrega de una camiseta personalizada a Radio Benidorm-Cadena SER por su apoyo como patrocinador de la entidad del pabell\u00f3n Ra\u00fal Mesa durante la presente temporada.<\/p>   <p>Este acuerdo de colaboraci\u00f3n ha permitido que el logo de la Cadena SER luzca en la equipaci\u00f3n oficial de los dos equipos de Superliga 2 y que la informaci\u00f3n del club, tanto de sus primeros equipos como de las categor\u00edas de base, haya contado con un tratamiento informativo preponderante en SER Deportivos Marina Baixa as\u00ed como en los distintos espacios informativos de la emisora.<\/p> ","protected":false},"excerpt":{"rendered":"<p>Los responsables de la entidad del Ra\u00fal Mesa ya preparan la pr\u00f3xima temporada en la Superliga 2<\/p>\n","protected":false},"author":0,"featured_media":4209,"comment_status":"open","ping_status":"open","sticky":false,"template":"","format":"standard","meta":{"_acf_changed":false,"footnotes":""},"categories":[16],"tags":[],"class_list":["post-4208","post","type-post","status-publish","format-standard","has-post-thumbnail","hentry","category-deportes"],"acf":{"ser_id":"KO2255DP2FFOHFVR62POVELORI","ser_url":"https:\/\/cadenaser.com\/comunitat-valenciana\/2024\/04\/18\/el-club-voleibol-playas-de-benidorm-aspira-a-meter-a-todos-sus-equipos-de-base-en-las-finales-autonomicas-radio-benidorm\/"},"_links":{"self":[{"href":"https:\/\/serbenidorm.daliisolutions.com\/index.php\/wp-json\/wp\/v2\/posts\/4208","targetHints":{"allow":["GET"]}}],"collection":[{"href":"https:\/\/serbenidorm.daliisolutions.com\/index.php\/wp-json\/wp\/v2\/posts"}],"about":[{"href":"https:\/\/serbenidorm.daliisolutions.com\/index.php\/wp-json\/wp\/v2\/types\/post"}],"replies":[{"embeddable":true,"href":"https:\/\/serbenidorm.daliisolutions.com\/index.php\/wp-json\/wp\/v2\/comments?post=4208"}],"version-history":[{"count":0,"href":"https:\/\/serbenidorm.daliisolutions.com\/index.php\/wp-json\/wp\/v2\/posts\/4208\/revisions"}],"wp:featuredmedia":[{"embeddable":true,"href":"https:\/\/serbenidorm.daliisolutions.com\/index.php\/wp-json\/wp\/v2\/media\/4209"}],"wp:attachment":[{"href":"https:\/\/serbenidorm.daliisolutions.com\/index.php\/wp-json\/wp\/v2\/media?parent=4208"}],"wp:term":[{"taxonomy":"category","embeddable":true,"href":"https:\/\/serbenidorm.daliisolutions.com\/index.php\/wp-json\/wp\/v2\/categories?post=4208"},{"taxonomy":"post_tag","embeddable":true,"href":"https:\/\/serbenidorm.daliisolutions.com\/index.php\/wp-json\/wp\/v2\/tags?post=4208"}],"curies":[{"name":"wp","href":"https:\/\/api.w.org\/{rel}","templated":true}]}}