{"id":4212,"date":"2024-04-18T11:21:38","date_gmt":"2024-04-18T09:21:38","guid":{"rendered":"https:\/\/serbenidorm.daliisolutions.com\/index.php\/2024\/04\/18\/el-club-de-rugby-la-vila-quiere-que-su-aficion-tome-el-estadio-del-valencia-r-c-en-la-semifinal-por-el-ascenso\/"},"modified":"2024-04-18T11:21:38","modified_gmt":"2024-04-18T09:21:38","slug":"el-club-de-rugby-la-vila-quiere-que-su-aficion-tome-el-estadio-del-valencia-r-c-en-la-semifinal-por-el-ascenso","status":"publish","type":"post","link":"https:\/\/serbenidorm.daliisolutions.com\/index.php\/2024\/04\/18\/el-club-de-rugby-la-vila-quiere-que-su-aficion-tome-el-estadio-del-valencia-r-c-en-la-semifinal-por-el-ascenso\/","title":{"rendered":"El Club de Rugby La Vila quiere que su afici\u00f3n tome el estadio del Val\u00e8ncia R.C. en la semifinal por el ascenso"},"content":{"rendered":"  <p>Benidorm<\/p>   <p>El Huesitos-La Vila se jugar\u00e1 el pr\u00f3ximo d\u00eda 27 de abril su pase a la gran final por el ascenso a la m\u00e1xima categor\u00eda del rugby espa\u00f1ol. Despu\u00e9s de <a href=\"https:\/\/cadenaser.com\/comunitat-valenciana\/2024\/04\/15\/el-huesitos-la-vila-gana-en-casa-y-jugara-ahora-por-el-ascenso-radio-benidorm\/\" target=\"_blank\" rel=\"noopener\">haber terminado en tercera posici\u00f3n la Fase \u00c9lite de la competici\u00f3n liguera<\/a>, el primer equipo del <a href=\"https:\/\/cadenaser.com\/tag\/club_rugby_la_vila\/a\/\" target=\"_blank\" rel=\"noopener\">Club de Rugby La Vila<\/a> se medir\u00e1 al Val\u00e8ncia Rugby Club en el estadio de este \u00faltimo equipo.<\/p>   <p>Dada la cercan\u00eda geogr\u00e1fica con el Cap i Casal, la directiva del Club de Rugby La Vila ha iniciado una campa\u00f1a con la que quieren a animar a todos sus aficionados a tomar las gradas del Estadi Quatre Cases en ese choque en el que, a partido \u00fanico, los vileros se juegan la posibilidad de rubricar su temporada 2023-2024 con el ascenso a la Divisi\u00f3n de Honor.<\/p>  <p><p>M\u00e1s informaci\u00f3n<\/p><figure><img decoding=\"async\" src=\"https:\/\/cadenaser.com\/resizer\/akkfkN31yEefOznCnl5h4wyd43o=\/650x366\/filters:quality(70)\/cloudfront-eu-central-1.images.arcpublishing.com\/prisaradio\/6CNB6OTHM5BOVJ6MMXCMXUTJSY.JPG\" loading=\"lazy\" width=\"828\" height=\"621\" \/><\/figure><ul><li><a href=\"https:\/\/cadenaser.com\/tag\/club_rugby_la_vila\/a\/\">Todas las noticias del Huesitos-La Vila<\/a><\/li><\/ul><\/p>   <p>Para ello, han preparado un autob\u00fas que permitir\u00e1 el c\u00f3modo desplazamiento de los aficionados hasta Val\u00e8ncia con un precio (entrada incluida) de 15 euros. Adem\u00e1s, los que opten por esta opci\u00f3n, recibir\u00e1n un obsequio en forma de bolsa del aficionado para animar a los de \u2018Falu\u2019 en este important\u00edsimo choque.<\/p>   <p>Recordemos que s\u00f3lo un equipo, el ganador de la final, asciende de manera directa a la m\u00e1xima categor\u00eda, mientras que el perdedor de esa final, tendr\u00e1 una nueva oportunidad enfrent\u00e1ndose al Bar\u00e7a, que defender\u00e1 ah\u00ed su plaza en la Divisi\u00f3n de Honor.<\/p>   <p>En cualquier caso, para poder optar a ese privilegio ante el ganador de la otra semifinal, que disputar\u00e1n el Liceo Franc\u00e9s y el Industriales Las Rozas, el <a href=\"https:\/\/cadenaser.com\/tag\/club_rugby_la_vila\/a\/\" target=\"_blank\" rel=\"noopener\">Huesitos-La Vila<\/a> debe, en primer lugar, deshacerse del conjunto valenciano en esa semifinal.<\/p>   <p><b>C\u00f3mo apuntarse al \u2018autob\u00fas del rugby\u2019<\/b><\/p>   <p><b>Salida: <\/b>S\u00e1bado, 27 de abril, a las 15:15 horas desde La Llar del Pensionista<\/p>   <p><u><b>Reserva tu plaza en<\/b><\/u><b>:<\/b><\/p>   <p><i>Email<\/i>: <a href=\"mailto:oficina@rugbylavila.net\" rel=\"nofollow\">oficina@rugbylavila.net<\/a><\/p>   <p><i>Whatsapp<\/i>: 660638027<\/p>   <p><b>Fecha l\u00edmite: Jueves, 25 de abril<\/b><\/p>  <p><figure><img decoding=\"async\" src=\"https:\/\/cadenaser.com\/resizer\/4tNQjmSNY5IOAHwRybMnmxG_ivk=\/650x488\/filters:quality(70)\/cloudfront-eu-central-1.images.arcpublishing.com\/prisaradio\/CI4664PAKNDDBFHFFHNB3YUJXQ.jpg\" loading=\"lazy\" width=\"650\" height=\"488\" \/><\/figure><button>Ampliar<\/button><\/p> ","protected":false},"excerpt":{"rendered":"<p>El Club de Rugby La Vila quiere que su afici\u00f3n tome el estadio del Val\u00e8ncia R.C. en la semifinal por el ascenso<\/p>\n","protected":false},"author":0,"featured_media":4213,"comment_status":"open","ping_status":"open","sticky":false,"template":"","format":"standard","meta":{"_acf_changed":false,"footnotes":""},"categories":[16],"tags":[],"class_list":["post-4212","post","type-post","status-publish","format-standard","has-post-thumbnail","hentry","category-deportes"],"acf":{"ser_id":"J5WFKQ2YDZAPROG4BMJ7EGU5D4","ser_url":"https:\/\/cadenaser.com\/comunitat-valenciana\/2024\/04\/18\/el-club-de-rugby-la-vila-quiere-que-su-aficion-tome-el-estadio-del-valencia-rc-en-la-semifinal-por-el-ascenso-radio-benidorm\/"},"_links":{"self":[{"href":"https:\/\/serbenidorm.daliisolutions.com\/index.php\/wp-json\/wp\/v2\/posts\/4212","targetHints":{"allow":["GET"]}}],"collection":[{"href":"https:\/\/serbenidorm.daliisolutions.com\/index.php\/wp-json\/wp\/v2\/posts"}],"about":[{"href":"https:\/\/serbenidorm.daliisolutions.com\/index.php\/wp-json\/wp\/v2\/types\/post"}],"replies":[{"embeddable":true,"href":"https:\/\/serbenidorm.daliisolutions.com\/index.php\/wp-json\/wp\/v2\/comments?post=4212"}],"version-history":[{"count":0,"href":"https:\/\/serbenidorm.daliisolutions.com\/index.php\/wp-json\/wp\/v2\/posts\/4212\/revisions"}],"wp:featuredmedia":[{"embeddable":true,"href":"https:\/\/serbenidorm.daliisolutions.com\/index.php\/wp-json\/wp\/v2\/media\/4213"}],"wp:attachment":[{"href":"https:\/\/serbenidorm.daliisolutions.com\/index.php\/wp-json\/wp\/v2\/media?parent=4212"}],"wp:term":[{"taxonomy":"category","embeddable":true,"href":"https:\/\/serbenidorm.daliisolutions.com\/index.php\/wp-json\/wp\/v2\/categories?post=4212"},{"taxonomy":"post_tag","embeddable":true,"href":"https:\/\/serbenidorm.daliisolutions.com\/index.php\/wp-json\/wp\/v2\/tags?post=4212"}],"curies":[{"name":"wp","href":"https:\/\/api.w.org\/{rel}","templated":true}]}}