{"id":4214,"date":"2024-04-18T12:00:40","date_gmt":"2024-04-18T10:00:40","guid":{"rendered":"https:\/\/serbenidorm.daliisolutions.com\/index.php\/2024\/04\/18\/agreden-a-una-guardia-civil-en-el-cuartel-de-la-la-vila-joiosa-y-un-responsable-de-la-policia-local-desvia-la-ayuda\/"},"modified":"2024-04-18T12:00:40","modified_gmt":"2024-04-18T10:00:40","slug":"agreden-a-una-guardia-civil-en-el-cuartel-de-la-la-vila-joiosa-y-un-responsable-de-la-policia-local-desvia-la-ayuda","status":"publish","type":"post","link":"https:\/\/serbenidorm.daliisolutions.com\/index.php\/2024\/04\/18\/agreden-a-una-guardia-civil-en-el-cuartel-de-la-la-vila-joiosa-y-un-responsable-de-la-policia-local-desvia-la-ayuda\/","title":{"rendered":"Agreden a una guardia civil en el cuartel de la La Vila Joiosa y un responsable de la Polic\u00eda Local desv\u00eda la ayuda"},"content":{"rendered":"  <p>Benidorm<\/p>   <p>La buena relaci\u00f3n entre la Polic\u00eda Local y la Guardia Civil en La Vila Joiosa se puede ver truncada por una decisi\u00f3n que ha provocado la apertura de diligencias de investigaci\u00f3n por parte de ambos cuerpos.<\/p>   <p>El pasado mes de marzo desde el puesto de la Guardia Civil solicitaban colaboraci\u00f3n urgente a la Polic\u00eda Local. <a href=\"https:\/\/cadenaser.com\/tag\/vila_joiosa\/a\/\" target=\"_blank\" rel=\"noopener\">Una mujer amenazaba con quitarse la vida en la puerta del cuartel en el que, en ese momento, s\u00f3lo hab\u00eda una agente de custodia porque la patrulla de servicio estaba atendiendo otro servicio con riesgo extremo de violencia al otro lado del municipio<\/a>.<\/p>   <p>Seg\u00fan ha podido saber <a href=\"https:\/\/cadenaser.com\/tag\/benidorm\/a\/\" target=\"_blank\" rel=\"noopener\">Radio Benidorm<\/a>, el inspector de la Polic\u00eda Local responsable del servicio en ese turno y que estaba acompa\u00f1ado por cuatro agentes en la central decidi\u00f3 enviar una patrulla a relevar a los dos guardias civiles, que estaban atendiendo ese servicio especial de riesgo a una distancia una bastante alejada, en lugar de dirigirla directamente al cuartel de la Benem\u00e9rita para asistir a la agente que solicitaba ayuda.<\/p>   <p><p>M\u00e1s informaci\u00f3n<\/p><ul><li><a href=\"https:\/\/cadenaser.com\/comunitat-valenciana\/2024\/04\/12\/detenido-un-conductor-de-ambulancias-por-robar-4500-euros-en-joyas-a-una-pareja-septuagenaria-de-vacaciones-en-benidorm-radio-benidorm\/\">Detenido un conductor de ambulancias por robar 4.500 euros en joyas a una pareja septuagenaria de vacaciones en Benidorm<\/a><\/li><\/ul><\/p>   <p>Durante todo ese tiempo la agente de la Guardia Civil sufri\u00f3 agresiones e, incluso, otro efectivo que estaba fuera de servicio en su domicilio, pr\u00f3ximo al lugar, tuvo que intervenir para ayudar a su compa\u00f1era al escuchar los gritos. Incluso se vio obligado a actuar para evitar que la mujer se suicidara despu\u00e9s de que \u00e9sta tratara de ahorcarse con la cuerda del m\u00e1stil de una de las banderas que ondea en el cuartel.<\/p>   <p>Seg\u00fan fuentes cercanas al caso la decisi\u00f3n de no prestar ese auxilio \u00abque pod\u00eda llegar en menos de cuatro minutos\u00bb de manera directa puso en riesgo la actuaci\u00f3n de la agente y de la propia mujer.<\/p>   <p><p><strong>Sigue el canal de la SER en WhatsApp<\/strong><br \/>Encontrar\u00e1s toda la informaci\u00f3n, el deporte y el entretenimiento: la actualidad del d\u00eda y las noticias de \u00faltima hora, los mejores v\u00eddeos y momentos de la radio, entrevistas, reportajes y mucho m\u00e1s.<\/p><a href=\"https:\/\/www.whatsapp.com\/channel\/0029Va633PF9WtC4l7XUzh1e\" title=\"Suscr\u00edbete\">Suscr\u00edbete ahora<\/a><\/p> ","protected":false},"excerpt":{"rendered":"<p>En lugar de ayudar directamente a la agente envi\u00f3 una patrulla a otro punto para que agentes de la benem\u00e9rita en otro servicio se hicieran cargo del altercado<\/p>\n","protected":false},"author":0,"featured_media":4215,"comment_status":"open","ping_status":"open","sticky":false,"template":"","format":"standard","meta":{"_acf_changed":false,"footnotes":""},"categories":[1],"tags":[],"class_list":["post-4214","post","type-post","status-publish","format-standard","has-post-thumbnail","hentry","category-sin-categoria"],"acf":{"ser_id":"W7XOAQTGVZFFHAEOAS75UYNKTI","ser_url":"https:\/\/cadenaser.com\/comunitat-valenciana\/2024\/04\/18\/agreden-a-una-guardia-civil-en-el-cuartel-de-la-la-vila-joiosa-y-un-responsable-de-la-policia-local-decide-desviar-la-ayuda-radio-benidorm\/"},"_links":{"self":[{"href":"https:\/\/serbenidorm.daliisolutions.com\/index.php\/wp-json\/wp\/v2\/posts\/4214","targetHints":{"allow":["GET"]}}],"collection":[{"href":"https:\/\/serbenidorm.daliisolutions.com\/index.php\/wp-json\/wp\/v2\/posts"}],"about":[{"href":"https:\/\/serbenidorm.daliisolutions.com\/index.php\/wp-json\/wp\/v2\/types\/post"}],"replies":[{"embeddable":true,"href":"https:\/\/serbenidorm.daliisolutions.com\/index.php\/wp-json\/wp\/v2\/comments?post=4214"}],"version-history":[{"count":0,"href":"https:\/\/serbenidorm.daliisolutions.com\/index.php\/wp-json\/wp\/v2\/posts\/4214\/revisions"}],"wp:featuredmedia":[{"embeddable":true,"href":"https:\/\/serbenidorm.daliisolutions.com\/index.php\/wp-json\/wp\/v2\/media\/4215"}],"wp:attachment":[{"href":"https:\/\/serbenidorm.daliisolutions.com\/index.php\/wp-json\/wp\/v2\/media?parent=4214"}],"wp:term":[{"taxonomy":"category","embeddable":true,"href":"https:\/\/serbenidorm.daliisolutions.com\/index.php\/wp-json\/wp\/v2\/categories?post=4214"},{"taxonomy":"post_tag","embeddable":true,"href":"https:\/\/serbenidorm.daliisolutions.com\/index.php\/wp-json\/wp\/v2\/tags?post=4214"}],"curies":[{"name":"wp","href":"https:\/\/api.w.org\/{rel}","templated":true}]}}