{"id":4227,"date":"2024-04-18T19:18:38","date_gmt":"2024-04-18T17:18:38","guid":{"rendered":"https:\/\/serbenidorm.daliisolutions.com\/index.php\/2024\/04\/18\/el-acceso-al-futuro-poligono-industrial-de-benidorm-desde-la-n-332-estara-listo-en-verano-de-2025\/"},"modified":"2024-04-18T19:18:38","modified_gmt":"2024-04-18T17:18:38","slug":"el-acceso-al-futuro-poligono-industrial-de-benidorm-desde-la-n-332-estara-listo-en-verano-de-2025","status":"publish","type":"post","link":"https:\/\/serbenidorm.daliisolutions.com\/index.php\/2024\/04\/18\/el-acceso-al-futuro-poligono-industrial-de-benidorm-desde-la-n-332-estara-listo-en-verano-de-2025\/","title":{"rendered":"El acceso al futuro pol\u00edgono industrial de Benidorm desde la N-332 estar\u00e1 listo en verano de 2025"},"content":{"rendered":"  <p>Benidorm<\/p>   <p>El Ayuntamiento de Benidorm tendr\u00e1 listo y abierto al tr\u00e1fico el vial que da acceso al futuro pol\u00edgono industrial de la ciudad desde la N-332 para verano del a\u00f1o que viene. Una obra que incluye, adem\u00e1s de la v\u00eda de acceso, la construcci\u00f3n de una rotonda que regule el tr\u00e1fico en la zona.<\/p>   <p>El llamado <a href=\"https:\/\/cadenaser.com\/tag\/benidorm\/a\/\" target=\"_blank\" rel=\"noopener\">\u201cvial discoteca\u201d <\/a>era una de las condiciones indispensables impuestas por el Ministerio de Fomento para viabilizar el desarrollo de este suelo (Plan Parcial 3-1) que tambi\u00e9n incluye la creaci\u00f3n del primer gran centro comercial que tendr\u00e1 la ciudad.<\/p>  <p><p class=\"tit\"><span>Hora 14 Benidorm (18\/04\/2024)<\/span><\/p> <p class=\"emb\"><iframe loading=\"lazy\" src=\"https:\/\/cadenaser.com\/embed\/audio\/460\/cadenaser_benidorm_hora14benidorm_20240418_141700_143000\/\" width=\"100%\" height=\"360\" frameborder=\"0\" allowfullscreen><\/iframe><\/p><\/p>   <p>As\u00ed lo ha trasladado el alcalde de la ciudad, Toni P\u00e9rez, durante una visita a las obras en la que ha recordado que es el Ayuntamiento quien est\u00e1 sufragando \u00edntegramente la obra \u201cante la negativa del Estado a asumir su parte\u201d, a pesar de tratarse de \u201cla obra de ingenier\u00eda de mayor envergadura que se est\u00e1 ejecutando actualmente en la provincia de Alicante\u201d.<\/p>  <p><p>M\u00e1s informaci\u00f3n<\/p><figure><img decoding=\"async\" src=\"https:\/\/cadenaser.com\/resizer\/YHoNlYDPuFUlDipcDLs1DJP0Unc=\/650x366\/filters:quality(70)\/cloudfront-eu-central-1.images.arcpublishing.com\/prisaradio\/6HMO5YI3VNH5VH5EUCYKY3JZEA.jpeg\" loading=\"lazy\" width=\"828\" height=\"621\" \/><\/figure><ul><li><a href=\"https:\/\/cadenaser.com\/comunitat-valenciana\/2024\/04\/17\/la-escuela-oficial-de-idiomas-de-benidorm-protesta-ante-la-eliminacion-de-13-grupos-por-la-generalitat-radio-benidorm\/\">La Escuela Oficial de Idiomas de Benidorm protesta ante la eliminaci\u00f3n de 13 grupos por la Generalitat<\/a><\/li><\/ul><\/p>   <p>El presupuesto de la obra ronda los 20 millones de euros entre la ejecuci\u00f3n de los trabajos previstos y la adquisici\u00f3n de los terrenos necesarios para acometerla. <\/p>   <p>El proyecto incluye la construcci\u00f3n de un vial con dos carriles de circulaci\u00f3n en cada sentido y carril bici, una rotonda que pasar\u00e1 bajo la variante de la N-332 o el soterramiento del tr\u00e1fico rodado en el tramo por donde discurre la v\u00eda del tren, entre la estaci\u00f3n Intermodal y la de Les Coves.<\/p>   <p>Desde el Ayuntamiento estiman que el desarrollo del pol\u00edgono industrial y comercial conllevar\u00e1 la creaci\u00f3n de m\u00e1s de 2.000 empleos directos y otros tantos indirectos.<\/p>   <p>El desarrollo de este sector industrial ya venia recogido en el Plan General de Ordenaci\u00f3n Urbana de Benidorm que data de 1990.<\/p> ","protected":false},"excerpt":{"rendered":"<p>El alcalde asegura que es \u201cla obra de ingenier\u00eda de mayor envergadura que se est\u00e1 ejecutando actualmente en la provincia de Alicante\u201d<\/p>\n","protected":false},"author":0,"featured_media":4228,"comment_status":"open","ping_status":"open","sticky":false,"template":"","format":"standard","meta":{"_acf_changed":false,"footnotes":""},"categories":[1],"tags":[],"class_list":["post-4227","post","type-post","status-publish","format-standard","has-post-thumbnail","hentry","category-sin-categoria"],"acf":{"ser_id":"4C3VSGT33FDHVCCXQ6BF4C25WY","ser_url":"https:\/\/cadenaser.com\/comunitat-valenciana\/2024\/04\/18\/el-acceso-al-futuro-poligono-industrial-de-benidorm-desde-la-n-332-estara-listo-en-verano-de-2025-radio-benidorm\/"},"_links":{"self":[{"href":"https:\/\/serbenidorm.daliisolutions.com\/index.php\/wp-json\/wp\/v2\/posts\/4227","targetHints":{"allow":["GET"]}}],"collection":[{"href":"https:\/\/serbenidorm.daliisolutions.com\/index.php\/wp-json\/wp\/v2\/posts"}],"about":[{"href":"https:\/\/serbenidorm.daliisolutions.com\/index.php\/wp-json\/wp\/v2\/types\/post"}],"replies":[{"embeddable":true,"href":"https:\/\/serbenidorm.daliisolutions.com\/index.php\/wp-json\/wp\/v2\/comments?post=4227"}],"version-history":[{"count":0,"href":"https:\/\/serbenidorm.daliisolutions.com\/index.php\/wp-json\/wp\/v2\/posts\/4227\/revisions"}],"wp:featuredmedia":[{"embeddable":true,"href":"https:\/\/serbenidorm.daliisolutions.com\/index.php\/wp-json\/wp\/v2\/media\/4228"}],"wp:attachment":[{"href":"https:\/\/serbenidorm.daliisolutions.com\/index.php\/wp-json\/wp\/v2\/media?parent=4227"}],"wp:term":[{"taxonomy":"category","embeddable":true,"href":"https:\/\/serbenidorm.daliisolutions.com\/index.php\/wp-json\/wp\/v2\/categories?post=4227"},{"taxonomy":"post_tag","embeddable":true,"href":"https:\/\/serbenidorm.daliisolutions.com\/index.php\/wp-json\/wp\/v2\/tags?post=4227"}],"curies":[{"name":"wp","href":"https:\/\/api.w.org\/{rel}","templated":true}]}}