{"id":4229,"date":"2024-04-18T19:18:39","date_gmt":"2024-04-18T17:18:39","guid":{"rendered":"https:\/\/serbenidorm.daliisolutions.com\/index.php\/2024\/04\/18\/aena-anuncia-la-expansion-de-los-aeropuertos-de-valencia-y-alicante\/"},"modified":"2024-04-18T19:18:39","modified_gmt":"2024-04-18T17:18:39","slug":"aena-anuncia-la-expansion-de-los-aeropuertos-de-valencia-y-alicante","status":"publish","type":"post","link":"https:\/\/serbenidorm.daliisolutions.com\/index.php\/2024\/04\/18\/aena-anuncia-la-expansion-de-los-aeropuertos-de-valencia-y-alicante\/","title":{"rendered":"Aena anuncia la expansi\u00f3n de los aeropuertos de Valencia y Alicante"},"content":{"rendered":"  <p>Val\u00e8ncia<\/p>   <p>Aena, la empresa que gestiona buena parte de los aeropuertos del pa\u00eds, ha anunciado que en unos d\u00edas en las instalaciones de los aeropuertos de Alicante-Elche y Valencia se dar\u00e1n a conocer los <a href=\"https:\/\/cadenaser.com\/comunitat-valenciana\/2023\/08\/30\/aena-trabaja-ya-en-la-ampliacion-de-la-capacidad-del-aeropuerto-de-valencia-tras-un-verano-de-record-radio-valencia\/\" target=\"_blank\" rel=\"noopener\">detalles de las ampliaciones en las que trabaja la compa\u00f1\u00eda a\u00e9rea<\/a>.<\/p>   <p>As\u00ed lo ha asegurado el presidente de Aena, Maurici Lucena, durante la celebraci\u00f3n de la junta general de accionistas de la compa\u00f1\u00eda correspondiente al ejercicio de 2023, celebrada esta ma\u00f1ana en Madrid.<\/p>   <p>Lucena ha explicado, entre otras cosas, la actualizaci\u00f3n del plan de actuaciones de la compa\u00f1\u00eda hasta 2026 y entre las que se encuentra la <a href=\"https:\/\/cadenaser.com\/comunitat-valenciana\/2023\/01\/27\/las-obras-de-modernizacion-del-aeropuerto-de-valencia-terminaran-este-ano-y-su-director-no-descarta-una-ampliacion-radio-valencia\/\" target=\"_blank\" rel=\"noopener\">intervenci\u00f3n en los dos aeropuertos de la Comunitat Valenciana<\/a>. En dicha reuni\u00f3n, el presidente de Aena ha asegurado que se preparan para un \u00abfuerte aumento de inversiones\u00bb, previsto para el periodo 2027-2031.<\/p>  <p><p class=\"tit\"><span>Maurici Lucena, presidente de Aena, anuncia la expansi\u00f3n de los aeropuertos de Valencia y Alicante-Elche<\/span><\/p> <p class=\"emb\"><iframe loading=\"lazy\" src=\"https:\/\/cadenaser.com\/embed\/audio\/460\/1713450092256\/\" width=\"100%\" height=\"360\" frameborder=\"0\" allowfullscreen><\/iframe><\/p><\/p>   <p>\u00abQuiero subrayar, para que quede claro, en la Comunitat Valenciana se expandir\u00e1n los aeropuertos de Alicante-Elche y de Valencia. Lo adelant\u00f3 el ministro (\u00d3scar Puente) hace algunas semanas y tendremos m\u00e1s detalles en las pr\u00f3ximas semanas y meses\u00bb, ha indicado.<\/p>   <p>El presidente de Aena se ha referido a \u00ablos proyectos de expansi\u00f3n futura de M\u00e1laga, Alicante-Elche, Valencia, Ibiza, Menorca, Bilbao, Santander y Melilla\u00bb, as\u00ed como las ampliaciones de Madrid-Barajas, Tenerife Sur y Norte y Lanzarote y la remodelaci\u00f3n de la T1 del aeropuerto Josep Tarradellas Barcelona-El Prat.<\/p>   <p>Transportes ya anunci\u00f3 la expansi\u00f3n de los aeropuertos<\/p>   <p>El ministro de Transportes, \u00d3scar Puente, se\u00f1al\u00f3 en marzo que \u00aba d\u00eda de hoy y en los dos pr\u00f3ximos a\u00f1os\u00bb, el aeropuerto de Alicante \u00abno necesita una ampliaci\u00f3n\u00bb, incluso con las previsiones de aumento de viajeros, pero que \u00abest\u00e1 prevista en el actual plan director\u00bb de la infraestructura. \u00abCuando Aena considere que se necesita, lo har\u00e1 con anticipaci\u00f3n\u00bb, recalc\u00f3.<\/p>   <p>Asimismo, hace dos semanas el Ministerio ratific\u00f3 su voluntad de dar respuesta a las necesidades futuras de demanda de los dos aeropuertos siempre siguiendo criterios t\u00e9cnicos y con el m\u00e1ximo respecto al medioambiente. Confirm\u00f3 que se analizan las necesidades de las terminales de ambas infraestructuras para planificar, mediante Aena, las inversiones que se puedan precisar seg\u00fan la evoluci\u00f3n de la actividad.<\/p>   <p>Al mismo tiempo, el presidente de la Generalitat, Carlos Maz\u00f3n, ha reivindicado en varias ocasiones la segunda pista del Aeropuerto de Alicante-Elche y la ampliaci\u00f3n del de Valencia. De hecho, anunci\u00f3 que la administraci\u00f3n auton\u00f3mica y las C\u00e1maras de Comercio presentar\u00edan entre finales de abril y principios de mayo un estudio de su impacto y necesidad.<\/p>   <p>El Aeropuerto de Valencia y el de Alicante-Elche han cerrado el mejor a\u00f1o de su historia este 2023 en cuanto a tr\u00e1fico de viajeros, El de Valencia ha registrado 9.948.141 pasajeros y un crecimiento del 22,6% respecto al a\u00f1o 2022. Un r\u00e9cord de tr\u00e1fico que se queda muy cerca de los 10 millones de viajeros y que supera la anterior mejor cifra de la terminal valenciana registrada en 2019 con 8.539.579 pasajeros.<\/p>   <p>El Aeropuerto de Alicante-Elche Miguel Hern\u00e1ndez ha cerrado 2023 con 15.747.678 pasajeros registrados y un incremento del 19,2% respecto al balance anual de 2022. Supera as\u00ed su anterior mejor cifra de viajeros, 15.048.240, registrada en 2019.<\/p>   <p><p><strong>Recibe nuestras noticias en tu m\u00f3vil<\/strong><br \/>Activa la campanita y no te pierdas nada de la actualidad informativa<\/p><a href=\"https:\/\/whatsapp.com\/channel\/0029VaHjyqSFHWq2Q3iHB33R\" title=\"Suscr\u00edbete\">Suscr\u00edbete al Canal de Whatsapp de Radio Valencia<\/a><\/p>   <p><p><strong>Sigue el canal de la SER en WhatsApp<\/strong><br \/>Encontrar\u00e1s toda la informaci\u00f3n, el deporte y el entretenimiento: la actualidad del d\u00eda y las noticias de \u00faltima hora, los mejores v\u00eddeos y momentos de la radio, entrevistas, reportajes y mucho m\u00e1s.<\/p><a href=\"https:\/\/www.whatsapp.com\/channel\/0029Va633PF9WtC4l7XUzh1e\" title=\"Suscr\u00edbete\">Suscr\u00edbete ahora<\/a><\/p> ","protected":false},"excerpt":{"rendered":"<p>Los detalles de la ampliaci\u00f3n de los aer\u00f3dromos se dar\u00e1n a conocer en unos d\u00edas, seg\u00fan ha explicado el presidente de Aena en la junta de accionistas<\/p>\n","protected":false},"author":0,"featured_media":4230,"comment_status":"open","ping_status":"open","sticky":false,"template":"","format":"standard","meta":{"_acf_changed":false,"footnotes":""},"categories":[1],"tags":[],"class_list":["post-4229","post","type-post","status-publish","format-standard","has-post-thumbnail","hentry","category-sin-categoria"],"acf":{"ser_id":"TV4KPELXSNEATH73BOOWQ65S54","ser_url":"https:\/\/cadenaser.com\/comunitat-valenciana\/2024\/04\/18\/aena-anuncia-la-expansion-de-los-aeropuertos-de-valencia-y-alicante-radio-valencia\/"},"_links":{"self":[{"href":"https:\/\/serbenidorm.daliisolutions.com\/index.php\/wp-json\/wp\/v2\/posts\/4229","targetHints":{"allow":["GET"]}}],"collection":[{"href":"https:\/\/serbenidorm.daliisolutions.com\/index.php\/wp-json\/wp\/v2\/posts"}],"about":[{"href":"https:\/\/serbenidorm.daliisolutions.com\/index.php\/wp-json\/wp\/v2\/types\/post"}],"replies":[{"embeddable":true,"href":"https:\/\/serbenidorm.daliisolutions.com\/index.php\/wp-json\/wp\/v2\/comments?post=4229"}],"version-history":[{"count":0,"href":"https:\/\/serbenidorm.daliisolutions.com\/index.php\/wp-json\/wp\/v2\/posts\/4229\/revisions"}],"wp:featuredmedia":[{"embeddable":true,"href":"https:\/\/serbenidorm.daliisolutions.com\/index.php\/wp-json\/wp\/v2\/media\/4230"}],"wp:attachment":[{"href":"https:\/\/serbenidorm.daliisolutions.com\/index.php\/wp-json\/wp\/v2\/media?parent=4229"}],"wp:term":[{"taxonomy":"category","embeddable":true,"href":"https:\/\/serbenidorm.daliisolutions.com\/index.php\/wp-json\/wp\/v2\/categories?post=4229"},{"taxonomy":"post_tag","embeddable":true,"href":"https:\/\/serbenidorm.daliisolutions.com\/index.php\/wp-json\/wp\/v2\/tags?post=4229"}],"curies":[{"name":"wp","href":"https:\/\/api.w.org\/{rel}","templated":true}]}}