{"id":4248,"date":"2024-04-19T11:20:48","date_gmt":"2024-04-19T09:20:48","guid":{"rendered":"https:\/\/serbenidorm.daliisolutions.com\/index.php\/2024\/04\/19\/un-tm-benidorm-necesitado-recibe-al-puente-genil-en-el-palau\/"},"modified":"2024-04-19T11:20:48","modified_gmt":"2024-04-19T09:20:48","slug":"un-tm-benidorm-necesitado-recibe-al-puente-genil-en-el-palau","status":"publish","type":"post","link":"https:\/\/serbenidorm.daliisolutions.com\/index.php\/2024\/04\/19\/un-tm-benidorm-necesitado-recibe-al-puente-genil-en-el-palau\/","title":{"rendered":"Un TM Benidorm necesitado recibe al Puente Genil en el Palau"},"content":{"rendered":"  <p>Benidorm<\/p>   <p>El <a href=\"https:\/\/cadenaser.com\/tag\/club_balonmano_benidorm\/a\/\">TM Benidorm<\/a>vuelve este s\u00e1bado (18:00 horas) al Palau d\u2019Esports para medirse al Puente Genil en el choque correspondiente a las 26\u00aa jornada de la <a href=\"https:\/\/cadenaser.com\/tag\/liga_asobal\/a\/\">Liga Asobal<\/a>, a la que ambos llegan inmersos en una crisis de resultados que el equipo local tiene que revertir con urgencia si no quiere ver aparecer los fantasmas del descenso cuando restan apenas cinco jornadas para el final de la competici\u00f3n dom\u00e9stica.<\/p>   <p>Tras <a href=\"https:\/\/cadenaser.com\/comunitat-valenciana\/2024\/03\/24\/el-tm-benidorm-lleva-al-limite-al-barca-radio-benidorm\/\">caer en casa ante el Bar\u00e7a en un partido soberbio<\/a>, el TM Benidorm no ha vuelto a encontrar la excelencia en su juego y ha encadenado derrotas ante Torrelavega, <a href=\"https:\/\/cadenaser.com\/comunitat-valenciana\/2024\/04\/08\/el-tm-benidorm-se-deja-ante-valladolid-parte-de-su-sueno-europeo-radio-benidorm\/\">Valladolid<\/a>y <a href=\"https:\/\/cadenaser.com\/comunitat-valenciana\/2024\/04\/15\/cuarta-derrota-consecutiva-del-tm-benidorm-en-la-liga-asobal-radio-benidorm\/\">Logro\u00f1o<\/a>(adem\u00e1s de <a href=\"https:\/\/cadenaser.com\/comunitat-valenciana\/2024\/04\/10\/el-tm-benidorm-se-queda-a-las-puertas-de-su-tercera-fase-final-de-copa-radio-benidorm\/\">Cuenca en Copa del Rey<\/a>) situ\u00e1ndose a tres puntos de la 14\u00aa posici\u00f3n de la tabla que ocupa un Cangas en estado de gracia y que en estos momentos es el equipo que disputar\u00eda la promoci\u00f3n de descenso.<\/p>  <p><p>M\u00e1s informaci\u00f3n<\/p><figure><img decoding=\"async\" src=\"https:\/\/cadenaser.com\/resizer\/ofreDeKF6wBUGadfOHjFTYo31X8=\/650x366\/filters:quality(70)\/cloudfront-eu-central-1.images.arcpublishing.com\/prisaradio\/HNRTPXNP55BF5BGB4SH6MBCMOM.jpg\" loading=\"lazy\" width=\"828\" height=\"621\" \/><\/figure><ul><li><a href=\"https:\/\/cadenaser.com\/tag\/club_balonmano_benidorm\/a\/\">Todas las noticias del TM Benidorm<\/a><\/li><\/ul><\/p>   <p>El TM Benidorm llega a este partido muy tocado en lo an\u00edmico, pero tambi\u00e9n en lo f\u00edsico, con varias bajas y algunos jugadores que tendr\u00e1n que jugar \u2018tocados\u2019, algo que tambi\u00e9n ocurre en las filas de un Puente Genil que, aunque es octavo en la clasificaci\u00f3n, viene de encadenar tres derrotas consecutivas ante Valladolid, Logro\u00f1o y Cuenca.<\/p>   <p>Ambos equipos se han enfrentado en nueve ocasiones previas en Liga Asobal en el Palau d\u2019Esports con un balance de cuatro victorias locales, dos empates y tres triunfos visitantes, si bien el \u00faltimo triunfo benidormense data del mes de diciembre de 2020.<\/p>   <p>En cualquier caso, hay motivos para el optimismo ya que en la primera vuelta <a href=\"https:\/\/cadenaser.com\/comunitat-valenciana\/2023\/11\/19\/el-tm-benidorm-vence-y-convence-en-puente-genil-radio-benidorm\/\">los benidormenses consiguieron una clar\u00edsima victoria<\/a> (29-39) en su visita al Pabell\u00f3n Municipal Alcalde Miguel Salas de Puente Genil.<\/p>   <p><p><strong>Sigue el canal de la SER en WhatsApp<\/strong><br \/>Encontrar\u00e1s toda la informaci\u00f3n, el deporte y el entretenimiento: la actualidad del d\u00eda y las noticias de \u00faltima hora, los mejores v\u00eddeos y momentos de la radio, entrevistas, reportajes y mucho m\u00e1s.<\/p><a href=\"https:\/\/www.whatsapp.com\/channel\/0029Va633PF9WtC4l7XUzh1e\" title=\"Suscr\u00edbete\">Suscr\u00edbete ahora<\/a><\/p> ","protected":false},"excerpt":{"rendered":"<p>Los de Sergio Carballeira necesitan darle la vuelta a su mala racha de resultados<\/p>\n","protected":false},"author":0,"featured_media":4249,"comment_status":"open","ping_status":"open","sticky":false,"template":"","format":"standard","meta":{"_acf_changed":false,"footnotes":""},"categories":[16],"tags":[],"class_list":["post-4248","post","type-post","status-publish","format-standard","has-post-thumbnail","hentry","category-deportes"],"acf":{"ser_id":"F6O7XJFJUZBRJF5BQ4XJUWQVEQ","ser_url":"https:\/\/cadenaser.com\/comunitat-valenciana\/2024\/04\/19\/un-tm-benidorm-necesitado-recibe-al-puente-genil-en-el-palau-radio-benidorm\/"},"_links":{"self":[{"href":"https:\/\/serbenidorm.daliisolutions.com\/index.php\/wp-json\/wp\/v2\/posts\/4248","targetHints":{"allow":["GET"]}}],"collection":[{"href":"https:\/\/serbenidorm.daliisolutions.com\/index.php\/wp-json\/wp\/v2\/posts"}],"about":[{"href":"https:\/\/serbenidorm.daliisolutions.com\/index.php\/wp-json\/wp\/v2\/types\/post"}],"replies":[{"embeddable":true,"href":"https:\/\/serbenidorm.daliisolutions.com\/index.php\/wp-json\/wp\/v2\/comments?post=4248"}],"version-history":[{"count":0,"href":"https:\/\/serbenidorm.daliisolutions.com\/index.php\/wp-json\/wp\/v2\/posts\/4248\/revisions"}],"wp:featuredmedia":[{"embeddable":true,"href":"https:\/\/serbenidorm.daliisolutions.com\/index.php\/wp-json\/wp\/v2\/media\/4249"}],"wp:attachment":[{"href":"https:\/\/serbenidorm.daliisolutions.com\/index.php\/wp-json\/wp\/v2\/media?parent=4248"}],"wp:term":[{"taxonomy":"category","embeddable":true,"href":"https:\/\/serbenidorm.daliisolutions.com\/index.php\/wp-json\/wp\/v2\/categories?post=4248"},{"taxonomy":"post_tag","embeddable":true,"href":"https:\/\/serbenidorm.daliisolutions.com\/index.php\/wp-json\/wp\/v2\/tags?post=4248"}],"curies":[{"name":"wp","href":"https:\/\/api.w.org\/{rel}","templated":true}]}}