{"id":4250,"date":"2024-04-19T14:49:42","date_gmt":"2024-04-19T12:49:42","guid":{"rendered":"https:\/\/serbenidorm.daliisolutions.com\/index.php\/2024\/04\/19\/mas-de-400-musicos-recorreran-este-sabado-el-centro-de-benidorm\/"},"modified":"2024-04-19T14:49:42","modified_gmt":"2024-04-19T12:49:42","slug":"mas-de-400-musicos-recorreran-este-sabado-el-centro-de-benidorm","status":"publish","type":"post","link":"https:\/\/serbenidorm.daliisolutions.com\/index.php\/2024\/04\/19\/mas-de-400-musicos-recorreran-este-sabado-el-centro-de-benidorm\/","title":{"rendered":"M\u00e1s de 400 m\u00fasicos recorrer\u00e1n este s\u00e1bado el centro de Benidorm"},"content":{"rendered":"  <p>Benidorm<\/p>   <p>Este s\u00e1bado Benidorm acoger\u00e1 el segundo Encuentro de Bandas de M\u00fasica, una cita que contar\u00e1 con la participaci\u00f3n de once bandas de m\u00fasica procedentes de la Comunidad Valenciana, Madrid, Castilla La Mancha y las tres bandas locales de Benidorm.<\/p>   <p>El Encuentro dar\u00e1 comienzo a las 10.30 horas con la concentraci\u00f3n de las bandas participantes en la calle Bilbao. Desde all\u00ed tomar\u00e1n la salida a las 11 de la ma\u00f1ana para dirigirse por la <a href=\"https:\/\/cadenaser.com\/tag\/benidorm\/a\/\" target=\"_blank\" rel=\"noopener\">avenida del Mediterr\u00e1neo hasta la Plaza de la Hispanidad, Doctor Fleming y Plaza de SS MM Los Reyes de Espa\u00f1a<\/a>. <\/p>   <p>Adem\u00e1s de las bandas locales (Societat Musical La Nova, Societat Musical L\u2019Illa y Uni\u00f3n Musical) han confirmado su asistencia al evento seis bandas de la Comunidad Valenciana (Sociedad Musical La Lira de Titaguas, Sociedad Musico-Cultural La Yesa-Alpuente, Uni\u00f3n Musical El Arte de Simancas, Sociedad Musical Uni\u00f3n de Pescadores de Valencia, Societat Juventud Musical de Quart de Les Valls y la Agrupaci\u00f3 Musical de Rocafort), una de la Comunidad de Madrid (Uni\u00f3n Musical de San Mart\u00edn de Valdeiglesias) y otra de Castilla La Mancha Asociaci\u00f3n Banda de M\u00fasica La Flor de La Mancha).<\/p>  <p><p>M\u00e1s informaci\u00f3n<\/p><figure><img decoding=\"async\" src=\"https:\/\/cadenaser.com\/resizer\/fWLAq9NoBYZ3nKl3FONEB5Fv5iE=\/650x366\/filters:quality(70)\/cloudfront-eu-central-1.images.arcpublishing.com\/prisaradio\/JMQ6AEICBNEBXD7V2AKBRRZC5U.jpg\" loading=\"lazy\" width=\"828\" height=\"621\" \/><\/figure><ul><li><a href=\"https:\/\/cadenaser.com\/comunitat-valenciana\/2024\/04\/12\/el-atun-protagoniza-la-gastronomia-de-benidorm-del-12-al-21-de-abril-radio-benidorm\/\">El at\u00fan protagoniza la gastronom\u00eda de Benidorm hasta el domingo<\/a><\/li><\/ul><\/p>   <p>En total ser\u00e1n m\u00e1s de 400 los m\u00fasicos que tomen parte en el pasacalles. 346 confirmados de las bandas de fuera de Benidorm y el resto de las tres bandas locales.<\/p>   <p>Una vez lleguen todas las bandas a la Plaza de SS MM Los Reyes de Espa\u00f1a se interpretar\u00e1 la pieza \u2018Fiesta en Benidorm\u2019 que ser\u00e1 dirigida por su compositor Rafael Domenech Pardo. Al t\u00e9rmino del evento se ofrecer\u00e1 un vino de honor en el anfiteatro \u00d3scar Espl\u00e1 para los integrantes de las bandas de m\u00fasica.<\/p> ","protected":false},"excerpt":{"rendered":"<p>El pasacalles comenzar\u00e1 a las 11 h. desde la calle Bilbao y finalizar\u00e1 en la Plaza del Ayuntamiento<\/p>\n","protected":false},"author":0,"featured_media":4251,"comment_status":"open","ping_status":"open","sticky":false,"template":"","format":"standard","meta":{"_acf_changed":false,"footnotes":""},"categories":[1],"tags":[],"class_list":["post-4250","post","type-post","status-publish","format-standard","has-post-thumbnail","hentry","category-sin-categoria"],"acf":{"ser_id":"HT2COSPQJ5AWPIC6RVQLHLQFMA","ser_url":"https:\/\/cadenaser.com\/comunitat-valenciana\/2024\/04\/19\/mas-de-400-musicos-recorreran-este-sabado-el-centro-de-benidorm-radio-benidorm\/"},"_links":{"self":[{"href":"https:\/\/serbenidorm.daliisolutions.com\/index.php\/wp-json\/wp\/v2\/posts\/4250","targetHints":{"allow":["GET"]}}],"collection":[{"href":"https:\/\/serbenidorm.daliisolutions.com\/index.php\/wp-json\/wp\/v2\/posts"}],"about":[{"href":"https:\/\/serbenidorm.daliisolutions.com\/index.php\/wp-json\/wp\/v2\/types\/post"}],"replies":[{"embeddable":true,"href":"https:\/\/serbenidorm.daliisolutions.com\/index.php\/wp-json\/wp\/v2\/comments?post=4250"}],"version-history":[{"count":0,"href":"https:\/\/serbenidorm.daliisolutions.com\/index.php\/wp-json\/wp\/v2\/posts\/4250\/revisions"}],"wp:featuredmedia":[{"embeddable":true,"href":"https:\/\/serbenidorm.daliisolutions.com\/index.php\/wp-json\/wp\/v2\/media\/4251"}],"wp:attachment":[{"href":"https:\/\/serbenidorm.daliisolutions.com\/index.php\/wp-json\/wp\/v2\/media?parent=4250"}],"wp:term":[{"taxonomy":"category","embeddable":true,"href":"https:\/\/serbenidorm.daliisolutions.com\/index.php\/wp-json\/wp\/v2\/categories?post=4250"},{"taxonomy":"post_tag","embeddable":true,"href":"https:\/\/serbenidorm.daliisolutions.com\/index.php\/wp-json\/wp\/v2\/tags?post=4250"}],"curies":[{"name":"wp","href":"https:\/\/api.w.org\/{rel}","templated":true}]}}