{"id":4252,"date":"2024-04-19T14:49:43","date_gmt":"2024-04-19T12:49:43","guid":{"rendered":"https:\/\/serbenidorm.daliisolutions.com\/index.php\/2024\/04\/19\/el-c-f-benidorm-recibe-al-eldense-b-para-dejar-cerrado-el-ascenso\/"},"modified":"2024-04-19T14:49:43","modified_gmt":"2024-04-19T12:49:43","slug":"el-c-f-benidorm-recibe-al-eldense-b-para-dejar-cerrado-el-ascenso","status":"publish","type":"post","link":"https:\/\/serbenidorm.daliisolutions.com\/index.php\/2024\/04\/19\/el-c-f-benidorm-recibe-al-eldense-b-para-dejar-cerrado-el-ascenso\/","title":{"rendered":"El C.F. Benidorm recibe al Eldense B para dejar cerrado el ascenso"},"content":{"rendered":"  <p>Benidorm<\/p>   <p>Pase lo que pase, no podr\u00e1 haber gran celebraci\u00f3n en el Estadio Guillermo Amor en una jornada en la que el <a href=\"https:\/\/cadenaser.com\/tag\/club_futbol_benidorm\/a\/\" target=\"_blank\" rel=\"noopener\">C.F. Benidorm<\/a> podr\u00eda dejar cerrado matem\u00e1ticamente el t\u00edtulo de liga y, con \u00e9l, el ascenso a Tercera RFEF. Para ello, los de Miguel \u00c1ngel Mart\u00ednez deber\u00e1n de imponerse al Eldense B este domingo (12:00 horas) y esperar una derrota o un empate del Crevillent Deportivo ante el Santa Pola, pero los crevillentinos juegan a las seis de la tarde, por lo que la celebraci\u00f3n, de haberla, tendr\u00e1 que esperar al final de ese choque.<\/p>   <p>En cualquier caso, y pese a la enorme diferencia existente en la clasificaci\u00f3n entre los benidormenses y los eldenses, el partido viene envenenado ya que los visitantes necesitan con urgencia revertir su mala racha de resultados en esta segunda vuelta de la Lliga Comunitat si quieren seguir vivos en la pelea, al menos, por disputar la promoci\u00f3n de ascenso, un objetivo que ahora mismo, ocupando la quinta posici\u00f3n de la tabla, tienen a tiro de s\u00f3lo dos puntos; pero que podr\u00eda quedar ya casi inalcanzable si suman la que ser\u00eda su cuarta derrota consecutiva y su octavo partido sin conseguir el triunfo.<\/p>  <p><p>M\u00e1s informaci\u00f3n<\/p><figure><img decoding=\"async\" src=\"https:\/\/cadenaser.com\/resizer\/WjoAOGDkigtn6E222Ci-8aQdyhU=\/650x366\/filters:quality(70)\/cloudfront-eu-central-1.images.arcpublishing.com\/prisaradio\/OIP5A3RDKFHFRE3P7FRMZL2BX4.jpeg\" loading=\"lazy\" width=\"828\" height=\"621\" \/><\/figure><ul><li><a href=\"https:\/\/cadenaser.com\/comunitat-valenciana\/2024\/04\/18\/el-cf-benidorm-podria-ser-campeon-de-liga-este-domingo-en-casa-radio-benidorm\/\">El C.F. Benidorm podr\u00eda ser campe\u00f3n de Liga este domingo en casa<\/a><\/li><\/ul><\/p>   <p>El Benidorm, por su parte, mantiene su ritmo firme en una competici\u00f3n que, a falta del cierre matem\u00e1tico, tienen ya m\u00e1s que atada tras haber ganado 19 de los 25 partidos disputados y haber perdido s\u00f3lo uno. El \u00fanico \u2018pero\u2019 que se le puede poner a los del Guillermo Amor es su relativa falta de punter\u00eda despu\u00e9s de haber encadenado cinco partidos en los que s\u00f3lo han podido marcar cuatro goles con un balance de dos empates (a cero ante el Tavernes de la Valldigna y a uno ante el Crevillent Deportivo) y tres triunfos por la m\u00ednima.<\/p>   <p>En cualquier caso, los benidormenses siguen siendo, con amplia diferencia, el equipo m\u00e1s goleador del grupo con 48 tantos y el que menos goles ha encajado, con s\u00f3lo 17 tantos en contra.<\/p>   <p>Con esos ingredientes, el optimismo reina en el equipo local que no renuncia a poder protagonizar un ascenso hist\u00f3rico este mismo fin de semana.<\/p>   <p><b>La Nuc\u00eda vuelve al Camilo Cano en medio de la pol\u00e9mica<\/b><\/p>   <p>En Segunda RFEF, La Nuc\u00eda vuelve este s\u00e1bado (18:00 horas) al Camilo Cano en el que ser\u00e1 el primer partido de los rojillos como locales tras <a href=\"https:\/\/cadenaser.com\/comunitat-valenciana\/2024\/04\/12\/la-plantilla-del-cf-la-nucia-denuncia-represalias-de-la-directiva-en-un-duro-comunicado-radio-benidorm\/\" target=\"_blank\" rel=\"noopener\">el dur\u00edsimo y contundente comunicado emitido por la plantilla la pasada semana<\/a> denunciando, entre otras muchas cosas, las represalias que el propio club estar\u00eda tomando contra sus jugadores.<\/p>  <p><p>M\u00e1s informaci\u00f3n<\/p><figure><img decoding=\"async\" src=\"https:\/\/cadenaser.com\/resizer\/j3PYvejVW2cSEMu2WcJO57MR1z4=\/650x366\/filters:quality(70)\/cloudfront-eu-central-1.images.arcpublishing.com\/prisaradio\/B7BB5JR6BREU7IGBUDPQY42VIE.jpg\" loading=\"lazy\" width=\"828\" height=\"621\" \/><\/figure><ul><li><a href=\"https:\/\/cadenaser.com\/comunitat-valenciana\/2024\/04\/12\/la-plantilla-del-cf-la-nucia-denuncia-represalias-de-la-directiva-en-un-duro-comunicado-radio-benidorm\/\">La plantilla del C.F. La Nuc\u00eda denuncia represalias de la directiva en un duro comunicado<\/a><\/li><\/ul><\/p>   <p>Todo ello, adem\u00e1s, tuvo un nuevo cap\u00edtulo el pasado domingo en Sagunto, cuando Adri Le\u00f3n sufri\u00f3 un fuerte golpe en la cara durante el choque ante el Atl\u00e9tico Saguntino teniendo que ser atendido por los servicios m\u00e9dicos del conjunto local ya que, tal y como el propio jugador lament\u00f3 a trav\u00e9s de sus redes sociales (y tambi\u00e9n qued\u00f3 reflejado en ese comunicado previo), el que hasta no hace tanto fue el equipo de referencia del balompi\u00e9 de la Marina Baixa y el \u2018ojito derecho\u2019 del deporte nuciero, ya no cuenta con servicio m\u00e9dico en sus partidos.<\/p>   <p><div><blockquote class=\"twitter-tweet\"><p lang=\"es\" dir=\"ltr\">Quisiera agradecer al <a href=\"https:\/\/twitter.com\/AtcoSaguntino?ref_src=twsrc%5Etfw\">@AtcoSaguntino<\/a> y en especial a su cuerpo m\u00e9dico, por atenderme en el terreno de juego! (ya que no disponemos de servicio m\u00e9dico).<br>La afici\u00f3n sois espectaculares.<br>Bravo \ud83d\udc4f\ud83c\udffe y mil gracias! <a href=\"https:\/\/t.co\/vZOfinut06\">pic.twitter.com\/vZOfinut06<\/a><\/p>\u2014 Adri\u00e1n Le\u00f3n Ortega (@11adri11) <a href=\"https:\/\/twitter.com\/11adri11\/status\/1779484600277860782?ref_src=twsrc%5Etfw\">April 14, 2024<\/a><\/blockquote>   <\/div><\/p>   <p>Todo un sinsentido que, sin duda, no presagia nada bueno de cara al choque de este s\u00e1bado ante el Manresa. Falta por ver si la directiva, que sigue dando la callada por respuesta y que ni siquiera quiso aparecer por el estadio hace dos semanas, esta vez s\u00ed se digna, al menos, a exponerse al escrutinio de sus jugadores y, sobre todo, de la menguante afici\u00f3n que, pese a todo, sigue al lado de los rojillos.<\/p>   <p><p><strong>Sigue el canal de la SER en WhatsApp<\/strong><br \/>Encontrar\u00e1s toda la informaci\u00f3n, el deporte y el entretenimiento: la actualidad del d\u00eda y las noticias de \u00faltima hora, los mejores v\u00eddeos y momentos de la radio, entrevistas, reportajes y mucho m\u00e1s.<\/p><a href=\"https:\/\/www.whatsapp.com\/channel\/0029Va633PF9WtC4l7XUzh1e\" title=\"Suscr\u00edbete\">Suscr\u00edbete ahora<\/a><\/p> ","protected":false},"excerpt":{"rendered":"<p>Un triunfo local y una derrota o empate del Crevillente har\u00eda campe\u00f3n matem\u00e1tico al equipo de Miguel \u00c1ngel Mart\u00ednez<\/p>\n","protected":false},"author":0,"featured_media":4253,"comment_status":"open","ping_status":"open","sticky":false,"template":"","format":"standard","meta":{"_acf_changed":false,"footnotes":""},"categories":[16],"tags":[],"class_list":["post-4252","post","type-post","status-publish","format-standard","has-post-thumbnail","hentry","category-deportes"],"acf":{"ser_id":"CZEJIYNCBFGNFLJMHTFHE4KSI4","ser_url":"https:\/\/cadenaser.com\/comunitat-valenciana\/2024\/04\/19\/el-cf-benidorm-recibe-al-eldense-b-para-dejar-cerrado-el-ascenso-radio-benidorm\/"},"_links":{"self":[{"href":"https:\/\/serbenidorm.daliisolutions.com\/index.php\/wp-json\/wp\/v2\/posts\/4252","targetHints":{"allow":["GET"]}}],"collection":[{"href":"https:\/\/serbenidorm.daliisolutions.com\/index.php\/wp-json\/wp\/v2\/posts"}],"about":[{"href":"https:\/\/serbenidorm.daliisolutions.com\/index.php\/wp-json\/wp\/v2\/types\/post"}],"replies":[{"embeddable":true,"href":"https:\/\/serbenidorm.daliisolutions.com\/index.php\/wp-json\/wp\/v2\/comments?post=4252"}],"version-history":[{"count":0,"href":"https:\/\/serbenidorm.daliisolutions.com\/index.php\/wp-json\/wp\/v2\/posts\/4252\/revisions"}],"wp:featuredmedia":[{"embeddable":true,"href":"https:\/\/serbenidorm.daliisolutions.com\/index.php\/wp-json\/wp\/v2\/media\/4253"}],"wp:attachment":[{"href":"https:\/\/serbenidorm.daliisolutions.com\/index.php\/wp-json\/wp\/v2\/media?parent=4252"}],"wp:term":[{"taxonomy":"category","embeddable":true,"href":"https:\/\/serbenidorm.daliisolutions.com\/index.php\/wp-json\/wp\/v2\/categories?post=4252"},{"taxonomy":"post_tag","embeddable":true,"href":"https:\/\/serbenidorm.daliisolutions.com\/index.php\/wp-json\/wp\/v2\/tags?post=4252"}],"curies":[{"name":"wp","href":"https:\/\/api.w.org\/{rel}","templated":true}]}}