{"id":4261,"date":"2024-04-19T15:18:37","date_gmt":"2024-04-19T13:18:37","guid":{"rendered":"https:\/\/serbenidorm.daliisolutions.com\/index.php\/2024\/04\/19\/la-copa-del-mundo-de-ciclocross-volvera-a-benidorm-en-2025\/"},"modified":"2024-04-19T15:18:37","modified_gmt":"2024-04-19T13:18:37","slug":"la-copa-del-mundo-de-ciclocross-volvera-a-benidorm-en-2025","status":"publish","type":"post","link":"https:\/\/serbenidorm.daliisolutions.com\/index.php\/2024\/04\/19\/la-copa-del-mundo-de-ciclocross-volvera-a-benidorm-en-2025\/","title":{"rendered":"La Copa del Mundo de ciclocross volver\u00e1 a Benidorm en 2025"},"content":{"rendered":"  <p>Benidorm<\/p>   <p>La Copa del Mundo de Ciclocross UCI ha anunciado este viernes su calendario de eventos para la temporada 2024-2025. Por tercer a\u00f1o consecutivo, la competici\u00f3n m\u00e1s prestigiosa del ciclocross mundial volver\u00e1 a hacer parada en Benidorm y la Costa Blanca.<\/p>   <p>Esta vez ser\u00e1 el 19 de enero de 2025, una ubicaci\u00f3n privilegiada en el calendario por cuanto la convierte en una prueba decisiva para el desenlace de la Copa del Mundo, lo cual favorece la presencia de los mejores especialistas del panorama.<\/p>   <p>\u201cHace tres a\u00f1os, la gente pensaba que est\u00e1bamos locos por organizar un ciclocross en Benidorm\u201d, recuerda Pascual Momparler, m\u00e1ximo responsable de Momparler Cycling y de la Copa del Mundo de Ciclocross UCI \u2013 Benidorm Costa Blanca. \u201cAhora hemos demostrado al mundo que Benidorm, la Costa Blanca y la Comunidad Valenciana son el mejor lugar posible para celebrar una Copa del Mundo. Ser\u00e1 nuestro tercer a\u00f1o disfrutando de un evento con carreras de todas las categor\u00edas y con los mejores ciclistas del mundo. Esta continuidad es un \u00e9xito por parte de todo nuestro equipo; un \u00e9xito de toda la afici\u00f3n que no ha dudado en estar ah\u00ed y en apoyarnos para que el evento triunfe; y un \u00e9xito de las instituciones de Benidorm y la Costa Blanca, que demuestran poder acoger eventos de nivel mundial para favorecer la desestacionalizaci\u00f3n del turismo\u201d.<\/p>   <p>Desde su estreno en 2023, la Copa del Mundo de Ciclocross UCI \u2013 Benidorm Costa Blanca se ha convertido en uno de los principales eventos deportivos del invierno en Espa\u00f1a en general y la Comunidad Valenciana en particular.<\/p>   <p>A nivel deportivo, su joven palmar\u00e9s refleja los nombres de los estelares Mathieu Van der Poel y Wout van Aert en categor\u00eda Elite masculina y de Fem van Empel, ganadora por partida doble, en la Elite femenina; nombres que garantizan el retorno a nivel medi\u00e1tico. A nivel de p\u00fablico, el \u00e9xito es abrumador con nada menos que 16.000 asistentes en su segunda edici\u00f3n, lo cual se traduce tambi\u00e9n en una notable repercusi\u00f3n en lo econ\u00f3mico dado el inter\u00e9s que la competici\u00f3n suscita en toda Espa\u00f1a y en pa\u00edses clave para el mercado tur\u00edstico alicantino como B\u00e9lgica, los Pa\u00edses Bajos o Gran Breta\u00f1a.<\/p>   <p><p><strong>Sigue el canal de la SER en WhatsApp<\/strong><br \/>Encontrar\u00e1s toda la informaci\u00f3n, el deporte y el entretenimiento: la actualidad del d\u00eda y las noticias de \u00faltima hora, los mejores v\u00eddeos y momentos de la radio, entrevistas, reportajes y mucho m\u00e1s.<\/p><a href=\"https:\/\/www.whatsapp.com\/channel\/0029Va633PF9WtC4l7XUzh1e\" title=\"Suscr\u00edbete\">Suscr\u00edbete ahora<\/a><\/p> ","protected":false},"excerpt":{"rendered":"<p>Los parques de El Moralet y Foietes acoger\u00e1n la antepen\u00faltima puntuable el 19 de enero<\/p>\n","protected":false},"author":0,"featured_media":4262,"comment_status":"open","ping_status":"open","sticky":false,"template":"","format":"standard","meta":{"_acf_changed":false,"footnotes":""},"categories":[1],"tags":[],"class_list":["post-4261","post","type-post","status-publish","format-standard","has-post-thumbnail","hentry","category-sin-categoria"],"acf":{"ser_id":"JGG4CDOCE5BTHHIP44J6MPM55E","ser_url":"https:\/\/cadenaser.com\/comunitat-valenciana\/2024\/04\/19\/la-copa-del-mundo-de-ciclocross-volvera-a-benidorm-en-2025-radio-benidorm\/"},"_links":{"self":[{"href":"https:\/\/serbenidorm.daliisolutions.com\/index.php\/wp-json\/wp\/v2\/posts\/4261","targetHints":{"allow":["GET"]}}],"collection":[{"href":"https:\/\/serbenidorm.daliisolutions.com\/index.php\/wp-json\/wp\/v2\/posts"}],"about":[{"href":"https:\/\/serbenidorm.daliisolutions.com\/index.php\/wp-json\/wp\/v2\/types\/post"}],"replies":[{"embeddable":true,"href":"https:\/\/serbenidorm.daliisolutions.com\/index.php\/wp-json\/wp\/v2\/comments?post=4261"}],"version-history":[{"count":0,"href":"https:\/\/serbenidorm.daliisolutions.com\/index.php\/wp-json\/wp\/v2\/posts\/4261\/revisions"}],"wp:featuredmedia":[{"embeddable":true,"href":"https:\/\/serbenidorm.daliisolutions.com\/index.php\/wp-json\/wp\/v2\/media\/4262"}],"wp:attachment":[{"href":"https:\/\/serbenidorm.daliisolutions.com\/index.php\/wp-json\/wp\/v2\/media?parent=4261"}],"wp:term":[{"taxonomy":"category","embeddable":true,"href":"https:\/\/serbenidorm.daliisolutions.com\/index.php\/wp-json\/wp\/v2\/categories?post=4261"},{"taxonomy":"post_tag","embeddable":true,"href":"https:\/\/serbenidorm.daliisolutions.com\/index.php\/wp-json\/wp\/v2\/tags?post=4261"}],"curies":[{"name":"wp","href":"https:\/\/api.w.org\/{rel}","templated":true}]}}