{"id":4263,"date":"2024-04-20T07:04:31","date_gmt":"2024-04-20T05:04:31","guid":{"rendered":"https:\/\/serbenidorm.daliisolutions.com\/index.php\/2024\/04\/20\/medio-ambiente-abre-expediente-sancionador-por-los-vertidos-residuales-de-febrero-en-benidorm\/"},"modified":"2024-04-20T07:04:31","modified_gmt":"2024-04-20T05:04:31","slug":"medio-ambiente-abre-expediente-sancionador-por-los-vertidos-residuales-de-febrero-en-benidorm","status":"publish","type":"post","link":"https:\/\/serbenidorm.daliisolutions.com\/index.php\/2024\/04\/20\/medio-ambiente-abre-expediente-sancionador-por-los-vertidos-residuales-de-febrero-en-benidorm\/","title":{"rendered":"Medio Ambiente abre expediente sancionador por los vertidos residuales de febrero en Benidorm"},"content":{"rendered":"  <p>Benidorm<\/p>   <p>La Conselleria de Medio Ambiente ha abierto expediente sancionador contra la empresa que ejecutaba las obras de sustituci\u00f3n de un calder\u00edn en la Estaci\u00f3n de Bombeo n\u00ba1 de Benidorm, por los vertidos de aguas residuales sin tratar que se produjeron el pasado mes de febrero en la zona de Punta Escaleta en pleno Parque Natural de Serra Gelada.<\/p>   <p>As\u00ed consta en un documento de la propia Conselleria al que <a href=\"https:\/\/cadenaser.com\/tag\/benidorm\/a\/\" target=\"_blank\" rel=\"noopener\">Radio Benidorm<\/a> ha tenido acceso y en el que se indica que dicho vertido \u201cno dispone de autorizaci\u00f3n por parte de la Direcci\u00f3n General de Agua\u201d. El documento da respuesta a una pregunta formulada a la mesa de Les Corts por la diputada socialista Mayte Garc\u00eda.<\/p>   <p><p>M\u00e1s informaci\u00f3n<\/p><ul><li><a href=\"https:\/\/cadenaser.com\/comunitat-valenciana\/2024\/04\/03\/el-psoe-de-benidorm-acusa-al-gobierno-local-de-ocultar-los-analisis-del-agua-de-las-playas-tras-el-vertido-de-aguas-residuales-en-serra-gelada-que-estan-ocultando-radio-benidorm\/\">El PSOE de Benidorm acusa al gobierno local de ocultar los an\u00e1lisis de las playas tras el vertido en Serra Gelada: \u00ab\u00bfQu\u00e9 esconden?\u00bb<\/a><\/li><\/ul><\/p>   <p>Seg\u00fan el citado documento, Conselleria abri\u00f3 expediente informativo sobre los hechos el 16 de febrero y, dos meses despu\u00e9s, el 15 de abril, dicto acuerdo de inicio de expediente sancionador a la empresa que ejecutaba la obra que produjo el vertido.<\/p>   <p>Sin embargo, la misma Direcci\u00f3n General del Agua reconoce tener comunicaci\u00f3n, a fecha de 24 de enero, por parte de la Entidad P\u00fablica e Saneamiento de Aguas Residuales de que ese vertido se iba a producir y de que, seg\u00fan los informes t\u00e9cnicos de la  direcci\u00f3n de obra y de la propia EPSAR \u201cno hab\u00eda alternativa t\u00e9cnica al vertido\u201d.<\/p>   <p>El vertido no afecto a la calidad de las aguas seg\u00fan las anal\u00edticas<\/p>   <p>Inicialmente los trabajos que produc\u00edan los vertidos se iban a prolongar durante diez d\u00edas aunque, finalmente, se  redujeron a cuatro. Adem\u00e1s, los t\u00e9cnicos del Parque Natural de Serra Gelada, donde se sit\u00faa la Punta Escaleta, lugar de los vertidos,  realizaron un seguimiento de las anal\u00edticas del agua del mar realizadas por los laboratorios Proaguas Costa Blanca y Labaqua y \u201cno se detectaron afecciones significativas de su calidad\u201d. Aun as\u00ed, Conseller\u00eda reconoce que no hab\u00eda dado autorizaci\u00f3n para el vertido.<\/p>  <p><p class=\"tit\"><span>Hora 14 Benidorm (19\/04\/2024)<\/span><\/p> <p class=\"emb\"><iframe loading=\"lazy\" src=\"https:\/\/cadenaser.com\/embed\/audio\/460\/cadenaser_benidorm_hora14benidorm_20240419_141700_143000\/\" width=\"100%\" height=\"360\" frameborder=\"0\" allowfullscreen><\/iframe><\/p><\/p>   <p>El vertido de aguas residuales sin tratar, procedente de la Estaci\u00f3n Depuradora de Aguas Residuales de Benidorm, lleg\u00f3 al mar a trav\u00e9s de un emisario subterr\u00e1neo enterrado en las faldas de Serra Gelada y fue detectado el lunes 12 de febrero provocando las cr\u00edticas de diversas organizaciones ecologistas.<\/p> ","protected":false},"excerpt":{"rendered":"<p>Contra la empresa responsable de las obras de una estaci\u00f3n de bombeo de la ciudad<\/p>\n","protected":false},"author":0,"featured_media":4264,"comment_status":"open","ping_status":"open","sticky":false,"template":"","format":"standard","meta":{"_acf_changed":false,"footnotes":""},"categories":[1],"tags":[],"class_list":["post-4263","post","type-post","status-publish","format-standard","has-post-thumbnail","hentry","category-sin-categoria"],"acf":{"ser_id":"HJIFJRYHDND4RJG6FZJB4YRRAI","ser_url":"https:\/\/cadenaser.com\/comunitat-valenciana\/2024\/04\/19\/medio-ambiente-abre-expediente-sancionador-por-los-vertidos-residuales-de-febrero-en-benidorm-radio-benidorm\/"},"_links":{"self":[{"href":"https:\/\/serbenidorm.daliisolutions.com\/index.php\/wp-json\/wp\/v2\/posts\/4263","targetHints":{"allow":["GET"]}}],"collection":[{"href":"https:\/\/serbenidorm.daliisolutions.com\/index.php\/wp-json\/wp\/v2\/posts"}],"about":[{"href":"https:\/\/serbenidorm.daliisolutions.com\/index.php\/wp-json\/wp\/v2\/types\/post"}],"replies":[{"embeddable":true,"href":"https:\/\/serbenidorm.daliisolutions.com\/index.php\/wp-json\/wp\/v2\/comments?post=4263"}],"version-history":[{"count":0,"href":"https:\/\/serbenidorm.daliisolutions.com\/index.php\/wp-json\/wp\/v2\/posts\/4263\/revisions"}],"wp:featuredmedia":[{"embeddable":true,"href":"https:\/\/serbenidorm.daliisolutions.com\/index.php\/wp-json\/wp\/v2\/media\/4264"}],"wp:attachment":[{"href":"https:\/\/serbenidorm.daliisolutions.com\/index.php\/wp-json\/wp\/v2\/media?parent=4263"}],"wp:term":[{"taxonomy":"category","embeddable":true,"href":"https:\/\/serbenidorm.daliisolutions.com\/index.php\/wp-json\/wp\/v2\/categories?post=4263"},{"taxonomy":"post_tag","embeddable":true,"href":"https:\/\/serbenidorm.daliisolutions.com\/index.php\/wp-json\/wp\/v2\/tags?post=4263"}],"curies":[{"name":"wp","href":"https:\/\/api.w.org\/{rel}","templated":true}]}}