{"id":428,"date":"2023-12-07T14:14:54","date_gmt":"2023-12-07T13:14:54","guid":{"rendered":"https:\/\/serbenidorm.daliisolutions.com\/index.php\/2023\/12\/07\/la-loteria-de-navidad-el-recuerdo-favorito-de-benidorm-durante-el-puente\/"},"modified":"2023-12-07T14:14:54","modified_gmt":"2023-12-07T13:14:54","slug":"la-loteria-de-navidad-el-recuerdo-favorito-de-benidorm-durante-el-puente","status":"publish","type":"post","link":"https:\/\/serbenidorm.daliisolutions.com\/index.php\/2023\/12\/07\/la-loteria-de-navidad-el-recuerdo-favorito-de-benidorm-durante-el-puente\/","title":{"rendered":"La Loter\u00eda de Navidad, el recuerdo favorito de Benidorm durante el puente"},"content":{"rendered":" Bendiorm  <a href=\"https:\/\/cadenaser.com\/tag\/benidorm\/a\/\" target=\"_blank\" rel=\"noopener\">\u00abEl mejor recuerdo&#8230; Llevarse los millones\u00bb<\/a>, reza el toldo de la Administraci\u00f3n de Loter\u00edas n\u00famero 4 de Benidorm. No le falta raz\u00f3n. Decenas de turistas eligen los d\u00e9cimos de la Loter\u00eda de Navidad como suvenir predilecto de este puente de la Constituci\u00f3n y la Pur\u00edsima que est\u00e1 dejando ocupaciones hoteleras por encima del 85 % en la capital tur\u00edstica de la Comunitat Valenciana.  A algunos de los lugares m\u00e1s transitados durante estos d\u00edas en la ciudad como el mirador de la plaza del Castillo o los paseos mar\u00edtimos de Levante y Poniente se suman las im\u00e1genes de largas filas en la ya mencionada administraci\u00f3n, situada en la comercial calle Gambo, o en la n\u00famero 1, ubicada en la calle Santo Domingo, popularmente conocida como la &#8216;calle de los vascos&#8217; o &#8216;de las tapas&#8217;.   En esta \u00faltima, Conchi de <a href=\"https:\/\/cadenaser.com\/tag\/lazkao\/a\/\" target=\"_blank\" rel=\"noopener\">Lazkao (Gipuzkoa)<\/a>, cuenta c\u00f3mo su marido y ella eligen siempre Benidorm como destino durante este puente y una parada obligatoria es el despacho lotero: \u00abToda la familia nos encarga un d\u00e9cimo de Benidorm, es toda una tradici\u00f3n\u00bb. Javier tambi\u00e9n espera en la cola mientras ojea el &#8216;Diario de Navarra&#8217;: \u00abNosotros venimos de Pamplona casi todos los a\u00f1os a pasar el puente que nosotros llamamos foral, venimos desde el 28 de octubre que es San Saturnino, el patr\u00f3n de Pamplona, hasta despu\u00e9s de la Inmaculada\u00bb. Se lleva tres d\u00e9cimos para compartir con familia y amigos.  \u00abAqu\u00ed se reparti\u00f3&#8230;\u00bb  Un reclamo habitual de toda administraci\u00f3n es el cl\u00e1sico \u00abAqu\u00ed se reparti\u00f3&#8230;\u00bb. As\u00ed, la administraci\u00f3n de la &#8216;calle de las tapas&#8217; recuerda c\u00f3mo en 2021 reparti\u00f3 casi ocho millones de euros en d\u00e9cimos de un quinto premio.  <a href=\"https:\/\/cadenaser.com\/comunitat-valenciana\/2022\/12\/22\/la-vila-joiosa-y-benidorm-se-llevan-el-premio-mas-madrugador-de-la-loteria-de-navidad-casi-once-millones-de-euros-radio-benidorm\/\" target=\"_blank\" rel=\"noopener\">El a\u00f1o pasado la suerte se movi\u00f3 unos metros para visitar la administraci\u00f3n n\u00famero 3, en la avenida Los Almendros, que junto a otro despacho de la vecina localidad de La Vila Joiosa vendi\u00f3 \u00edntegramente otro quinto premio, el m\u00e1s madrugador de 2022<\/a>.  <p>M\u00e1s informaci\u00f3n<\/p><figure><img decoding=\"async\" src=\"https:\/\/cadenaser.com\/resizer\/VpvLDF9LJ3-4etwHTY_pjfKLlF0=\/650x366\/filters:quality(70)\/cloudfront-eu-central-1.images.arcpublishing.com\/prisaradio\/3RSCWDFVZVEI3CSHVALL3CMHMQ.jpg\" loading=\"lazy\" width=\"828\" height=\"621\" \/><\/figure><ul><li><a href=\"https:\/\/cadenaser.com\/nacional\/2023\/12\/04\/que-hacer-si-pierdes-un-decimo-de-loteria-de-navidad-que-compartias-con-un-amigo-cadena-ser\/\">\u00bfQu\u00e9 hacer si pierdes un d\u00e9cimo de Loter\u00eda de Navidad que compart\u00edas con un amigo?<\/a><\/li><\/ul>  En total, 10.800.000 euros que no fueron a parar tanto al bolsillo de los visitantes como al de los vecinos de los dos municipios al venderse a pe\u00f1as festeras y asociaciones como la del barrio de Els Tolls, que reparti\u00f3 muchas participaciones.  De esta \u00faltima organizaci\u00f3n vecinal, adem\u00e1s, se llevaron un buen pellizco los sanitarios del Hospital Marina Baixa con el simbolismo que tiene y merece despu\u00e9s de los \u00faltimos a\u00f1os de pandemia. El presidente de la A.V. Els Tolls, Juan Antonio Lizancos, celebraba entonces en <a href=\"https:\/\/cadenaser.com\/tag\/benidorm\/a\/\" target=\"_blank\" rel=\"noopener\">Radio Benidorm<\/a> la suerte de un barrio obrero como es el suyo y al que hay que a\u00f1adir que la campa\u00f1a de donaci\u00f3n de material sanitario llevada a cabo en entre los vecinos en lo peor del coronavirus haya hecho que mucho personal del centro hospitalario comprara parte de esa loter\u00eda.  <div class=\"hd\"><p>Radio Benidorm<\/p><\/div><div class=\"lst lst-s\"><ul><li><div id=\"player-cadenaser_benidorm_hoyporhoymatinalbenidorm_20231207_082000_083000\" class=\"c-pl-a\"><button class=\"bt-pp\" data-audioid=\"cadenaser_benidorm_hoyporhoymatinalbenidorm_20231207_082000_083000\" data-type=\"aod\">Play<\/button><\/div><p title=\"Hoy por Hoy matinal Benidorm 8:20 (07\/12\/2023)\"><span>Hoy por Hoy matinal Benidorm 8:20 (07\/12\/2023)<\/span><span>10:00<!-- -->\u00a0|\u00a0<!-- -->Hoy por Hoy matinal Benidorm<\/span><\/p><\/li><li><div id=\"player-cadenaser_benidorm_hoyporhoymatinalbenidorm_20231207_072000_073000\" class=\"c-pl-a\"><button class=\"bt-pp\" data-audioid=\"cadenaser_benidorm_hoyporhoymatinalbenidorm_20231207_072000_073000\" data-type=\"aod\">Play<\/button><\/div><p title=\"Hoy por Hoy matinal Benidorm 7:20 (07\/12\/2023)\"><span>Hoy por Hoy matinal Benidorm 7:20 (07\/12\/2023)<\/span><span>10:00<!-- -->\u00a0|\u00a0<!-- -->Hoy por Hoy matinal Benidorm<\/span><\/p><\/li><li><div id=\"player-cadenaser_benidorm_serdeportivosbenidorm_20231206_152000_160000\" class=\"c-pl-a\"><button class=\"bt-pp\" data-audioid=\"cadenaser_benidorm_serdeportivosbenidorm_20231206_152000_160000\" data-type=\"aod\">Play<\/button><\/div><p title=\"SER Deportivos Benidorm (06\/12\/2023)\"><span>SER Deportivos Benidorm (06\/12\/2023)<\/span><span>40:00<!-- -->\u00a0|\u00a0<!-- -->SER Deportivos Benidorm<\/span><\/p><\/li><li><div id=\"player-cadenaser_benidorm_hora14benidorm_20231206_141700_143000\" class=\"c-pl-a\"><button class=\"bt-pp\" data-audioid=\"cadenaser_benidorm_hora14benidorm_20231206_141700_143000\" data-type=\"aod\">Play<\/button><\/div><p title=\"Hora 14 Benidorm (06\/12\/2023)\"><span>Hora 14 Benidorm (06\/12\/2023)<\/span><span>13:00<!-- -->\u00a0|\u00a0<!-- -->Hora 14 Benidorm<\/span><\/p><\/li><li><div id=\"player-cadenaser_benidorm_hoyporhoybenidorm_20231206_122000_140000\" class=\"c-pl-a\"><button class=\"bt-pp\" data-audioid=\"cadenaser_benidorm_hoyporhoybenidorm_20231206_122000_140000\" data-type=\"aod\">Play<\/button><\/div><p title=\"Hoy por Hoy Benidorm (06\/12\/2023)\"><span>Hoy por Hoy Benidorm (06\/12\/2023)<\/span><span>01:40:00<!-- -->\u00a0|\u00a0<!-- -->Hoy por Hoy Benidorm<\/span><\/p><\/li><li><div id=\"player-cadenaser_benidorm_hoyporhoymatinalbenidorm_20231206_082000_083000\" class=\"c-pl-a\"><button class=\"bt-pp\" data-audioid=\"cadenaser_benidorm_hoyporhoymatinalbenidorm_20231206_082000_083000\" data-type=\"aod\">Play<\/button><\/div><p title=\"Hoy por Hoy matinal Benidorm 8:20 (06\/12\/2023)\"><span>Hoy por Hoy matinal Benidorm 8:20 (06\/12\/2023)<\/span><span>10:00<!-- -->\u00a0|\u00a0<!-- -->Hoy por Hoy matinal Benidorm<\/span><\/p><\/li><li><div id=\"player-cadenaser_benidorm_hoyporhoymatinalbenidorm_20231206_072000_073000\" class=\"c-pl-a\"><button class=\"bt-pp\" data-audioid=\"cadenaser_benidorm_hoyporhoymatinalbenidorm_20231206_072000_073000\" data-type=\"aod\">Play<\/button><\/div><p title=\"Hoy por Hoy matinal Benidorm 7:20 (06\/12\/2023)\"><span>Hoy por Hoy matinal Benidorm 7:20 (06\/12\/2023)<\/span><span>10:00<!-- -->\u00a0|\u00a0<!-- -->Hoy por Hoy matinal Benidorm<\/span><\/p><\/li><li><div id=\"player-cadenaser_benidorm_laventanadelamarinabaixa_20231205_192000_194000\" class=\"c-pl-a\"><button class=\"bt-pp\" data-audioid=\"cadenaser_benidorm_laventanadelamarinabaixa_20231205_192000_194000\" data-type=\"aod\">Play<\/button><\/div><p title=\"La Ventana de la Marina Baixa (05\/12\/2023)\"><span>La Ventana de la Marina Baixa (05\/12\/2023)<\/span><span>20:00<!-- -->\u00a0|\u00a0<!-- -->La Ventana de la Marina Baixa<\/span><\/p><\/li><li><div id=\"player-1701800178932\" class=\"c-pl-a\"><button class=\"bt-pp\" data-audioid=\"1701800178932\" data-type=\"aod\">Play<\/button><\/div><p title=\"La tertulia de La Ventana de la Marina Baixa (04\/12\/2023)\"><span>La tertulia de La Ventana de la Marina Baixa (04\/12\/2023)<\/span><span>39:48<!-- -->\u00a0|\u00a0<!-- -->La Ventana de la Marina Baixa<\/span><\/p><\/li><li><div id=\"player-1701783367257\" class=\"c-pl-a\"><button class=\"bt-pp\" data-audioid=\"1701783367257\" data-type=\"aod\">Play<\/button><\/div><p title=\"ABRECA prev\u00e9 facturar un 15% m\u00e1s este puente respecto al a\u00f1o pasado\"><span>ABRECA prev\u00e9 facturar un 15% m\u00e1s este puente respecto al a\u00f1o pasado<\/span><span>21:38<!-- -->\u00a0|\u00a0<!-- -->Hoy por Hoy Benidorm<\/span><\/p><\/li><\/ul><\/div> ","protected":false},"excerpt":{"rendered":"<p>Los turistas forman largas filas en las administraciones m\u00e1s c\u00e9ntricas de la ciudad durante estos d\u00edas<\/p>\n","protected":false},"author":0,"featured_media":429,"comment_status":"open","ping_status":"open","sticky":false,"template":"","format":"standard","meta":{"_acf_changed":false,"footnotes":""},"categories":[1],"tags":[],"class_list":["post-428","post","type-post","status-publish","format-standard","has-post-thumbnail","hentry","category-sin-categoria"],"acf":{"ser_id":"F5VZGXQ3YFBKBKZVONM3SO66VU","ser_url":""},"_links":{"self":[{"href":"https:\/\/serbenidorm.daliisolutions.com\/index.php\/wp-json\/wp\/v2\/posts\/428","targetHints":{"allow":["GET"]}}],"collection":[{"href":"https:\/\/serbenidorm.daliisolutions.com\/index.php\/wp-json\/wp\/v2\/posts"}],"about":[{"href":"https:\/\/serbenidorm.daliisolutions.com\/index.php\/wp-json\/wp\/v2\/types\/post"}],"replies":[{"embeddable":true,"href":"https:\/\/serbenidorm.daliisolutions.com\/index.php\/wp-json\/wp\/v2\/comments?post=428"}],"version-history":[{"count":0,"href":"https:\/\/serbenidorm.daliisolutions.com\/index.php\/wp-json\/wp\/v2\/posts\/428\/revisions"}],"wp:featuredmedia":[{"embeddable":true,"href":"https:\/\/serbenidorm.daliisolutions.com\/index.php\/wp-json\/wp\/v2\/media\/429"}],"wp:attachment":[{"href":"https:\/\/serbenidorm.daliisolutions.com\/index.php\/wp-json\/wp\/v2\/media?parent=428"}],"wp:term":[{"taxonomy":"category","embeddable":true,"href":"https:\/\/serbenidorm.daliisolutions.com\/index.php\/wp-json\/wp\/v2\/categories?post=428"},{"taxonomy":"post_tag","embeddable":true,"href":"https:\/\/serbenidorm.daliisolutions.com\/index.php\/wp-json\/wp\/v2\/tags?post=428"}],"curies":[{"name":"wp","href":"https:\/\/api.w.org\/{rel}","templated":true}]}}