{"id":43,"date":"2023-11-29T15:21:12","date_gmt":"2023-11-29T14:21:12","guid":{"rendered":"https:\/\/serbenidorm.daliisolutions.com\/index.php\/2023\/11\/29\/la-benidorm-half-bate-records\/"},"modified":"2023-11-29T15:21:12","modified_gmt":"2023-11-29T14:21:12","slug":"la-benidorm-half-bate-records","status":"publish","type":"post","link":"https:\/\/serbenidorm.daliisolutions.com\/index.php\/2023\/11\/29\/la-benidorm-half-bate-records\/","title":{"rendered":"La Benidorm Half bate r\u00e9cords"},"content":{"rendered":" Benidorm  Las principales calles y avenidas de Benidorm, destacando sus dos paseos mar\u00edtimos, se paralizar\u00e1n en la tarde de este s\u00e1bado con motivo de la celebraci\u00f3n de una nueva edici\u00f3n del Benidorm Half, la principal prueba deportiva popular de la capital tur\u00edstica, que este a\u00f1o ha alcanzado la cifra r\u00e9cord de 4.800 participantes.  En este sentido, cabe recordar que en 2022 las pruebas de 10 y 21 kil\u00f3metros del evento contaron la con la presencia de 2.500 atletas, por lo que este s\u00e1bado esa cifra se ver\u00e1 pr\u00e1cticamente duplicada con la presencia de corredores procedentes de 23 pa\u00edses y una muy destacada presencia de brit\u00e1nicos, con 1.600 representantes.  Fernando Brotons, cabeza visible de Tour Sports, ha puesto en valor que \u201cni siquiera con la pandemia la carrera ha dejado de celebrarse, para lo cual hubo que moverla del calendario y pasarla al mes de marzo\u201d. Tambi\u00e9n ha destacado las modificaciones introducidas en la carrera para mejorarla y lograr m\u00e1s participaci\u00f3n \u201ccomo la presencia de corredores de \u00e9lite junto a los populares o una mayor animaci\u00f3n durante el recorrido\u201d.  En esta ocasi\u00f3n, la Benidorm Half contar\u00e1 entre sus atletas con el campe\u00f3n del a\u00f1o pasado, el ol\u00edmpico Toni Abad\u00eda, y el subcampe\u00f3n David Palacio. Pero tambi\u00e9n habr\u00e1 otros corredores de prestigio como Mart\u00edn Fiz, Alexandra Tondeur, Cristina Juan, el uruguayo Christian Zamora o la argentina Mar\u00eda Luz Tesuri.  Precisamente, Toni Abad\u00eda ha resaltado que la de Benidorm \u201ces una de las carreras mejor organizadas de Espa\u00f1a\u201d y ha calificado de \u201cimpresionante c\u00f3mo ha crecido la prueba de unos a\u00f1os hasta aqu\u00ed\u201d. Tambi\u00e9n David Palacio ha dicho que la carrera del s\u00e1bado ser\u00e1 \u201cun espect\u00e1culo fant\u00e1stico\u201d y ha aventurado \u201cun bonito duelo entre Toni, Christian y yo\u201d.  En cuanto a la carrera en s\u00ed, Fernando Brotons ha informado que a lo largo del recorrido habr\u00e1 13 puntos de animaci\u00f3n con batukadas y dj\u2019s, que unido al aliento del p\u00fablico har\u00e1n que \u201csea imposible que los corredores se aburran\u201d.  Sobre el perfil de los participantes, el director de la Benidorm Half ha destacado la numerosa presencia de corredores procedentes del Reino Unido, 1.600 en total, duplicando el mejor registro hasta la fecha; unos participantes a los que se suman sus acompa\u00f1antes.  Adem\u00e1s de brit\u00e1nicos, hay participantes de 57 nacionalidades procedentes de 23 pa\u00edses. En el \u00e1mbito nacional, se contabilizan corredores de 45 provincias espa\u00f1olas. Tambi\u00e9n es rese\u00f1able que el 38% de los participantes ser\u00e1n mujeres. Un porcentaje que se sit\u00faa en el 30% en la prueba de 21K y que sube hasta el 47% en la 10K.  El alcalde de Benidorm, Toni P\u00e9rez, ha indicado que la Benidorm Half es tambi\u00e9n \u201cla carrera de un destino en pos de un posicionamiento; un destino y una ciudad que se vuelcan con la prueba, con los deportistas y con una grand\u00edsima organizaci\u00f3n\u201d. P\u00e9rez ha afirmado asimismo que la Benidorm Half es \u201cuna prueba accesible e inclusiva y fomenta la igualdad\u201d. ","protected":false},"excerpt":{"rendered":"<p>Casi cinco mil corredores se enfrentar\u00e1n a la mayor prueba deportiva popular de la capital tur\u00edstica<\/p>\n","protected":false},"author":0,"featured_media":44,"comment_status":"open","ping_status":"open","sticky":false,"template":"","format":"standard","meta":{"_acf_changed":false,"footnotes":""},"categories":[1],"tags":[],"class_list":["post-43","post","type-post","status-publish","format-standard","has-post-thumbnail","hentry","category-sin-categoria"],"acf":{"ser_id":"7TSDLDHK7ZGSPPNHQ2KEKOLMPM","ser_url":""},"_links":{"self":[{"href":"https:\/\/serbenidorm.daliisolutions.com\/index.php\/wp-json\/wp\/v2\/posts\/43","targetHints":{"allow":["GET"]}}],"collection":[{"href":"https:\/\/serbenidorm.daliisolutions.com\/index.php\/wp-json\/wp\/v2\/posts"}],"about":[{"href":"https:\/\/serbenidorm.daliisolutions.com\/index.php\/wp-json\/wp\/v2\/types\/post"}],"replies":[{"embeddable":true,"href":"https:\/\/serbenidorm.daliisolutions.com\/index.php\/wp-json\/wp\/v2\/comments?post=43"}],"version-history":[{"count":0,"href":"https:\/\/serbenidorm.daliisolutions.com\/index.php\/wp-json\/wp\/v2\/posts\/43\/revisions"}],"wp:featuredmedia":[{"embeddable":true,"href":"https:\/\/serbenidorm.daliisolutions.com\/index.php\/wp-json\/wp\/v2\/media\/44"}],"wp:attachment":[{"href":"https:\/\/serbenidorm.daliisolutions.com\/index.php\/wp-json\/wp\/v2\/media?parent=43"}],"wp:term":[{"taxonomy":"category","embeddable":true,"href":"https:\/\/serbenidorm.daliisolutions.com\/index.php\/wp-json\/wp\/v2\/categories?post=43"},{"taxonomy":"post_tag","embeddable":true,"href":"https:\/\/serbenidorm.daliisolutions.com\/index.php\/wp-json\/wp\/v2\/tags?post=43"}],"curies":[{"name":"wp","href":"https:\/\/api.w.org\/{rel}","templated":true}]}}