{"id":430,"date":"2023-12-07T14:14:55","date_gmt":"2023-12-07T13:14:55","guid":{"rendered":"https:\/\/serbenidorm.daliisolutions.com\/index.php\/2023\/12\/07\/la-nucia-repite-y-recibe-el-premio-de-villa-europea-del-deporte\/"},"modified":"2023-12-07T14:14:55","modified_gmt":"2023-12-07T13:14:55","slug":"la-nucia-repite-y-recibe-el-premio-de-villa-europea-del-deporte","status":"publish","type":"post","link":"https:\/\/serbenidorm.daliisolutions.com\/index.php\/2023\/12\/07\/la-nucia-repite-y-recibe-el-premio-de-villa-europea-del-deporte\/","title":{"rendered":"La Nuc\u00eda repite y recibe el premio de &#x27;Villa Europea del Deporte&#x27;"},"content":{"rendered":" La Nuc\u00eda &#8211; Bruselas  <a href=\"https:\/\/cadenaser.com\/comunitat-valenciana\/2023\/05\/18\/la-nucia-repite-diez-anos-despues-como-villa-europea-del-deporte-radio-benidorm\/\" target=\"_blank\" rel=\"noopener\">\u00abTenemos el honor de declarar a La Nuc\u00eda como Villa Europea del Deporte 2024\u00bb<\/a>. Con esas catorce palabras anunciaba Hugo Alonso, secretario General de la Asociaci\u00f3n de Capitales Europeas del Deporte (ACES) anunciaba en mayo la concesi\u00f3n, diez a\u00f1os despu\u00e9s, del segundo reconocimiento al municipio alicantino; convirti\u00e9ndolo en el \u00fanico de toda Europa, junto a Glasgow, en poder presumir de ese \u2018doblete\u2019.  La Nuc\u00eda recoge este jueves en Bruselas (B\u00e9lgica) ese premio. <a href=\"https:\/\/cadenaser.com\/comunitat-valenciana\/2023\/05\/18\/la-nucia-repite-diez-anos-despues-como-villa-europea-del-deporte-radio-benidorm\/\" target=\"_blank\" rel=\"noopener\">En la capital europea se encuentran ya el alcalde de La Nuc\u00eda, Bernab\u00e9 Cano y el concejal de Deporte, Sergio Villalba<\/a>, para participar en la entrega que acoge la sede del Parlamento Europeo.  Opciones de financiaci\u00f3n  Este premio, en opini\u00f3n del primer edil, \u00abno s\u00f3lo es un reconocimiento, que ya es meritorio; sino que es algo que te permite formar parte de la Red Europea de Ciudades del Deporte, algo que nos permite tener ventajas a la hora de presentar nuevos proyectos y de pedir subvenciones a la Uni\u00f3n Europea\u00bb.  Adem\u00e1s, Cano tira de humildad a la hora de analizar el hecho de que <a href=\"https:\/\/cadenaser.com\/tag\/glasgow\/a\/\" target=\"_blank\" rel=\"noopener\">La Nuc\u00eda y Glasgow sean las dos \u00fanicas ciudades europeas que han repetido este galard\u00f3n<\/a>. Para el alcalde, poner frente a frente a su municipio y la capital escocesa \u00abes comparar una hormiga a un le\u00f3n, y, por ello es muy gratificante que nosotros seamos la segunda ciudad en ser reconocida dos veces\u00bb.  Para el primer edil, esa circunstancia \u00abdemuestra el esfuerzo que hacen todos los nucieros y nucieras y el Ayuntamiento para que esta Ciudad Deportiva sea un referente a nivel internacional\u00bb.  <div class=\"hd\"><p>Radio Benidorm<\/p><\/div><div class=\"lst lst-s\"><ul><li><div id=\"player-cadenaser_benidorm_hoyporhoymatinalbenidorm_20231207_082000_083000\" class=\"c-pl-a\"><button class=\"bt-pp\" data-audioid=\"cadenaser_benidorm_hoyporhoymatinalbenidorm_20231207_082000_083000\" data-type=\"aod\">Play<\/button><\/div><p title=\"Hoy por Hoy matinal Benidorm 8:20 (07\/12\/2023)\"><span>Hoy por Hoy matinal Benidorm 8:20 (07\/12\/2023)<\/span><span>10:00<!-- -->\u00a0|\u00a0<!-- -->Hoy por Hoy matinal Benidorm<\/span><\/p><\/li><li><div id=\"player-cadenaser_benidorm_hoyporhoymatinalbenidorm_20231207_072000_073000\" class=\"c-pl-a\"><button class=\"bt-pp\" data-audioid=\"cadenaser_benidorm_hoyporhoymatinalbenidorm_20231207_072000_073000\" data-type=\"aod\">Play<\/button><\/div><p title=\"Hoy por Hoy matinal Benidorm 7:20 (07\/12\/2023)\"><span>Hoy por Hoy matinal Benidorm 7:20 (07\/12\/2023)<\/span><span>10:00<!-- -->\u00a0|\u00a0<!-- -->Hoy por Hoy matinal Benidorm<\/span><\/p><\/li><li><div id=\"player-cadenaser_benidorm_serdeportivosbenidorm_20231206_152000_160000\" class=\"c-pl-a\"><button class=\"bt-pp\" data-audioid=\"cadenaser_benidorm_serdeportivosbenidorm_20231206_152000_160000\" data-type=\"aod\">Play<\/button><\/div><p title=\"SER Deportivos Benidorm (06\/12\/2023)\"><span>SER Deportivos Benidorm (06\/12\/2023)<\/span><span>40:00<!-- -->\u00a0|\u00a0<!-- -->SER Deportivos Benidorm<\/span><\/p><\/li><li><div id=\"player-cadenaser_benidorm_hora14benidorm_20231206_141700_143000\" class=\"c-pl-a\"><button class=\"bt-pp\" data-audioid=\"cadenaser_benidorm_hora14benidorm_20231206_141700_143000\" data-type=\"aod\">Play<\/button><\/div><p title=\"Hora 14 Benidorm (06\/12\/2023)\"><span>Hora 14 Benidorm (06\/12\/2023)<\/span><span>13:00<!-- -->\u00a0|\u00a0<!-- -->Hora 14 Benidorm<\/span><\/p><\/li><li><div id=\"player-cadenaser_benidorm_hoyporhoybenidorm_20231206_122000_140000\" class=\"c-pl-a\"><button class=\"bt-pp\" data-audioid=\"cadenaser_benidorm_hoyporhoybenidorm_20231206_122000_140000\" data-type=\"aod\">Play<\/button><\/div><p title=\"Hoy por Hoy Benidorm (06\/12\/2023)\"><span>Hoy por Hoy Benidorm (06\/12\/2023)<\/span><span>01:40:00<!-- -->\u00a0|\u00a0<!-- -->Hoy por Hoy Benidorm<\/span><\/p><\/li><li><div id=\"player-cadenaser_benidorm_hoyporhoymatinalbenidorm_20231206_082000_083000\" class=\"c-pl-a\"><button class=\"bt-pp\" data-audioid=\"cadenaser_benidorm_hoyporhoymatinalbenidorm_20231206_082000_083000\" data-type=\"aod\">Play<\/button><\/div><p title=\"Hoy por Hoy matinal Benidorm 8:20 (06\/12\/2023)\"><span>Hoy por Hoy matinal Benidorm 8:20 (06\/12\/2023)<\/span><span>10:00<!-- -->\u00a0|\u00a0<!-- -->Hoy por Hoy matinal Benidorm<\/span><\/p><\/li><li><div id=\"player-cadenaser_benidorm_hoyporhoymatinalbenidorm_20231206_072000_073000\" class=\"c-pl-a\"><button class=\"bt-pp\" data-audioid=\"cadenaser_benidorm_hoyporhoymatinalbenidorm_20231206_072000_073000\" data-type=\"aod\">Play<\/button><\/div><p title=\"Hoy por Hoy matinal Benidorm 7:20 (06\/12\/2023)\"><span>Hoy por Hoy matinal Benidorm 7:20 (06\/12\/2023)<\/span><span>10:00<!-- -->\u00a0|\u00a0<!-- -->Hoy por Hoy matinal Benidorm<\/span><\/p><\/li><li><div id=\"player-cadenaser_benidorm_laventanadelamarinabaixa_20231205_192000_194000\" class=\"c-pl-a\"><button class=\"bt-pp\" data-audioid=\"cadenaser_benidorm_laventanadelamarinabaixa_20231205_192000_194000\" data-type=\"aod\">Play<\/button><\/div><p title=\"La Ventana de la Marina Baixa (05\/12\/2023)\"><span>La Ventana de la Marina Baixa (05\/12\/2023)<\/span><span>20:00<!-- -->\u00a0|\u00a0<!-- -->La Ventana de la Marina Baixa<\/span><\/p><\/li><li><div id=\"player-1701800178932\" class=\"c-pl-a\"><button class=\"bt-pp\" data-audioid=\"1701800178932\" data-type=\"aod\">Play<\/button><\/div><p title=\"La tertulia de La Ventana de la Marina Baixa (04\/12\/2023)\"><span>La tertulia de La Ventana de la Marina Baixa (04\/12\/2023)<\/span><span>39:48<!-- -->\u00a0|\u00a0<!-- -->La Ventana de la Marina Baixa<\/span><\/p><\/li><li><div id=\"player-1701783367257\" class=\"c-pl-a\"><button class=\"bt-pp\" data-audioid=\"1701783367257\" data-type=\"aod\">Play<\/button><\/div><p title=\"ABRECA prev\u00e9 facturar un 15% m\u00e1s este puente respecto al a\u00f1o pasado\"><span>ABRECA prev\u00e9 facturar un 15% m\u00e1s este puente respecto al a\u00f1o pasado<\/span><span>21:38<!-- -->\u00a0|\u00a0<!-- -->Hoy por Hoy Benidorm<\/span><\/p><\/li><\/ul><\/div> ","protected":false},"excerpt":{"rendered":"<p>Es la \u00fanica localidad del continente junto a Glasgow en conseguir este reconocimiento en dos ocasiones<\/p>\n","protected":false},"author":0,"featured_media":431,"comment_status":"open","ping_status":"open","sticky":false,"template":"","format":"standard","meta":{"_acf_changed":false,"footnotes":""},"categories":[1],"tags":[],"class_list":["post-430","post","type-post","status-publish","format-standard","has-post-thumbnail","hentry","category-sin-categoria"],"acf":{"ser_id":"EPDTYIGYBFCSTFKX3TCTZU6AVY","ser_url":""},"_links":{"self":[{"href":"https:\/\/serbenidorm.daliisolutions.com\/index.php\/wp-json\/wp\/v2\/posts\/430","targetHints":{"allow":["GET"]}}],"collection":[{"href":"https:\/\/serbenidorm.daliisolutions.com\/index.php\/wp-json\/wp\/v2\/posts"}],"about":[{"href":"https:\/\/serbenidorm.daliisolutions.com\/index.php\/wp-json\/wp\/v2\/types\/post"}],"replies":[{"embeddable":true,"href":"https:\/\/serbenidorm.daliisolutions.com\/index.php\/wp-json\/wp\/v2\/comments?post=430"}],"version-history":[{"count":0,"href":"https:\/\/serbenidorm.daliisolutions.com\/index.php\/wp-json\/wp\/v2\/posts\/430\/revisions"}],"wp:featuredmedia":[{"embeddable":true,"href":"https:\/\/serbenidorm.daliisolutions.com\/index.php\/wp-json\/wp\/v2\/media\/431"}],"wp:attachment":[{"href":"https:\/\/serbenidorm.daliisolutions.com\/index.php\/wp-json\/wp\/v2\/media?parent=430"}],"wp:term":[{"taxonomy":"category","embeddable":true,"href":"https:\/\/serbenidorm.daliisolutions.com\/index.php\/wp-json\/wp\/v2\/categories?post=430"},{"taxonomy":"post_tag","embeddable":true,"href":"https:\/\/serbenidorm.daliisolutions.com\/index.php\/wp-json\/wp\/v2\/tags?post=430"}],"curies":[{"name":"wp","href":"https:\/\/api.w.org\/{rel}","templated":true}]}}