{"id":4311,"date":"2024-04-22T07:02:35","date_gmt":"2024-04-22T05:02:35","guid":{"rendered":"https:\/\/serbenidorm.daliisolutions.com\/index.php\/2024\/04\/22\/benidorm-acoge-un-programa-de-turismo-para-personas-sordas-accesible-en-lengua-de-signos\/"},"modified":"2024-04-22T07:02:35","modified_gmt":"2024-04-22T05:02:35","slug":"benidorm-acoge-un-programa-de-turismo-para-personas-sordas-accesible-en-lengua-de-signos","status":"publish","type":"post","link":"https:\/\/serbenidorm.daliisolutions.com\/index.php\/2024\/04\/22\/benidorm-acoge-un-programa-de-turismo-para-personas-sordas-accesible-en-lengua-de-signos\/","title":{"rendered":"Benidorm acoge un programa de turismo para personas sordas accesible en lengua de signos"},"content":{"rendered":"  <p>Alicante<\/p>   <p>La ciudad Benidorm acoge a partir de este domingo un programa de  turismo para personas sordas accesible en lengua de signos.<\/p>   <p>Una experiencia de ocio inclusivo, organizada por la Federaci\u00f3n de Personas Sordas de la Comunidad Valenciana y la Confederaci\u00f3n Estatal de  Personas Sordas, gracias a la financiaci\u00f3n del IMSERSO, la Fundaci\u00f3n ONCE y la Generalitat Valenciana, y en la que participar\u00e1n 200 personas sordas de toda  Espa\u00f1a en dos turnos: el primero desde este domingo hasta el 27 de abril y el  segundo del 5 al 11 de mayo. A lo largo del d\u00eda se ha producido la llegada de los primeros participantes.<\/p>   <p>Carolina Galiana, presidenta de FESORD CV, explica que este programa tiene  como objetivo incrementar la escasa oferta de turismo adaptado de la que dispone  la poblaci\u00f3n sorda. Los participantes puedan intercambiar experiencias e  inquietudes y sobre todo crear un espacio propio para esas personas sordas  mayores.<\/p>   <p>Se\u00f1ala que lo primordial es que estas personas no tengan barreras de  comunicaci\u00f3n en el disfrute de su ocio y tiempo libre, por lo que tendr\u00e1n  diferentes actividades culturales, gastron\u00f3micas y deportivas accesibles en  lengua de signos. Todo ello acompa\u00f1ados de int\u00e9rpretes de lengua de signos y de un equipo de monitores que han dise\u00f1ado un completo programa de actividades recreativas en esta lengua.<\/p>   <p>Galiana explica que existe poca oferta tur\u00edstica accesible a personas sordas  pero s\u00ed hay localidades que est\u00e1n avanzando en ese sentido. Pone el ejemplo del  municipio de La Vila, cuyas explicaciones tur\u00edsticas y culturales cuentan con un  sistema con QR accesible para personas sordas. Escuchan a Carolina Galiana a trav\u00e9s de su int\u00e9rprete.<\/p>  <p><p class=\"tit\"><span>Carolina Galiana, presidenta de FESORD CV: \u00abHay poca oferta tur\u00edstica accesible a lengua de signos\u00bb<\/span><\/p> <p class=\"emb\"><iframe loading=\"lazy\" src=\"https:\/\/cadenaser.com\/embed\/audio\/460\/1713705452910\/\" width=\"100%\" height=\"360\" frameborder=\"0\" allowfullscreen><\/iframe><\/p><\/p>   <p>Dentro de esas actividades y excursiones, estas personas visitar\u00e1n los  lugares m\u00e1s pintorescos de Benidorm, el Museo del Juguete y del Mar en Denia, el  Museo de Chocolate en La Vila o la Ciudad de las Artes y las Ciencias en  Valencia.<\/p>   <p>Recuerdan que las personas sordas cuentan con una discapacidad invisible y  que, en ocasiones se olvidan del colectivo, por ello reclaman que se les tengan  en cuenta en las diferentes pol\u00edticas.<\/p>   <p><p><strong>Sigue el canal de la SER en WhatsApp<\/strong><br \/>Encontrar\u00e1s toda la informaci\u00f3n, el deporte y el entretenimiento: la actualidad del d\u00eda y las noticias de \u00faltima hora, los mejores v\u00eddeos y momentos de la radio, entrevistas, reportajes y mucho m\u00e1s.<\/p><a href=\"https:\/\/www.whatsapp.com\/channel\/0029Va633PF9WtC4l7XUzh1e\" title=\"Suscr\u00edbete\">Suscr\u00edbete ahora<\/a><\/p>   <p>E<\/p> ","protected":false},"excerpt":{"rendered":"<p>Una experiencia de ocio inclusivo, organizada por la FESORD CV y la CNSE, gracias a la financiaci\u00f3n del IMSERSO, la Fundaci\u00f3n ONCE y la  Generalitat Valenciana, y en la que participar\u00e1n 200 personas sordas de toda  Espa\u00f1a<\/p>\n","protected":false},"author":0,"featured_media":4312,"comment_status":"open","ping_status":"open","sticky":false,"template":"","format":"standard","meta":{"_acf_changed":false,"footnotes":""},"categories":[1],"tags":[],"class_list":["post-4311","post","type-post","status-publish","format-standard","has-post-thumbnail","hentry","category-sin-categoria"],"acf":{"ser_id":"VSCEQYN7ZRAHNJKPX5VTOBWVMA","ser_url":"https:\/\/cadenaser.com\/comunitat-valenciana\/2024\/04\/21\/benidorm-acoge-desde-este-domingo-un-programa-de-turismo-para-personas-sordas-accesible-en-lengua-de-signos-radio-alicante\/"},"_links":{"self":[{"href":"https:\/\/serbenidorm.daliisolutions.com\/index.php\/wp-json\/wp\/v2\/posts\/4311","targetHints":{"allow":["GET"]}}],"collection":[{"href":"https:\/\/serbenidorm.daliisolutions.com\/index.php\/wp-json\/wp\/v2\/posts"}],"about":[{"href":"https:\/\/serbenidorm.daliisolutions.com\/index.php\/wp-json\/wp\/v2\/types\/post"}],"replies":[{"embeddable":true,"href":"https:\/\/serbenidorm.daliisolutions.com\/index.php\/wp-json\/wp\/v2\/comments?post=4311"}],"version-history":[{"count":0,"href":"https:\/\/serbenidorm.daliisolutions.com\/index.php\/wp-json\/wp\/v2\/posts\/4311\/revisions"}],"wp:featuredmedia":[{"embeddable":true,"href":"https:\/\/serbenidorm.daliisolutions.com\/index.php\/wp-json\/wp\/v2\/media\/4312"}],"wp:attachment":[{"href":"https:\/\/serbenidorm.daliisolutions.com\/index.php\/wp-json\/wp\/v2\/media?parent=4311"}],"wp:term":[{"taxonomy":"category","embeddable":true,"href":"https:\/\/serbenidorm.daliisolutions.com\/index.php\/wp-json\/wp\/v2\/categories?post=4311"},{"taxonomy":"post_tag","embeddable":true,"href":"https:\/\/serbenidorm.daliisolutions.com\/index.php\/wp-json\/wp\/v2\/tags?post=4311"}],"curies":[{"name":"wp","href":"https:\/\/api.w.org\/{rel}","templated":true}]}}