{"id":4317,"date":"2024-04-22T10:25:59","date_gmt":"2024-04-22T08:25:59","guid":{"rendered":"https:\/\/serbenidorm.daliisolutions.com\/index.php\/2024\/04\/22\/la-victoria-del-crevillent-aplaza-el-ascenso-del-c-f-benidorm\/"},"modified":"2024-04-22T10:25:59","modified_gmt":"2024-04-22T08:25:59","slug":"la-victoria-del-crevillent-aplaza-el-ascenso-del-c-f-benidorm","status":"publish","type":"post","link":"https:\/\/serbenidorm.daliisolutions.com\/index.php\/2024\/04\/22\/la-victoria-del-crevillent-aplaza-el-ascenso-del-c-f-benidorm\/","title":{"rendered":"La victoria del Crevillent aplaza el ascenso del C.F. Benidorm"},"content":{"rendered":"  <p>Benidorm<\/p>   <p>El <a href=\"https:\/\/cadenaser.com\/tag\/club_futbol_benidorm\/a\/\" target=\"_blank\" rel=\"noopener\">C.F. Benidorm<\/a> tendr\u00e1 que esperar un poco m\u00e1s para poder celebrar el ya inevitable ascenso directo a Tercera RFEF despu\u00e9s de que este domingo los de Miguel \u00c1ngel Mart\u00ednez disfrutaran de una primera bola de partido al vencer con mucha solvencia al Eldense B (3-1) y dejar toda la presi\u00f3n sobre las espaldas de un Crevillent Deportivo que no fall\u00f3 y tambi\u00e9n cumpli\u00f3 con su obligaci\u00f3n imponi\u00e9ndose al Santa Pola (2-0).<\/p>   <p>Con cuatro jornadas todav\u00eda por disputarse (cinco para un Crevillent Deportivo que el d\u00eda 1 de mayo jugar\u00e1 su partido aplazado ante l\u2019Olleria), el C.F. Benidorm tiene el t\u00edtulo de campe\u00f3n de la Lliga Comunitat m\u00e1s que encarrilado al disfrutar de 14 puntos de renta sobre su m\u00e1s inmediato perseguidor.<\/p>  <p><p>M\u00e1s informaci\u00f3n<\/p><figure><img decoding=\"async\" src=\"https:\/\/cadenaser.com\/resizer\/LH8TJ6htbu8TLzvBadxs9OWJHDs=\/650x366\/filters:quality(70)\/cloudfront-eu-central-1.images.arcpublishing.com\/prisaradio\/ZAJTFX5CRBERNF7T7IKHO66JGA.JPG\" loading=\"lazy\" width=\"828\" height=\"621\" \/><\/figure><ul><li><a href=\"https:\/\/cadenaser.com\/tag\/club_futbol_benidorm\/a\/\">Todas las noticias del C.F. Benidorm<\/a><\/li><\/ul><\/p>   <p>Pese a ello, el equipo de Miguel \u00c1ngel Mart\u00ednez no levant\u00f3 el pie del acelerador y complet\u00f3 una de sus mejores actuaciones en lo que va de temporada en un choque, disputado este domingo en el Guillermo Amor, que se complic\u00f3 m\u00e1s de lo previsto merced al tempranero gol que pon\u00eda por delante al Eldense B tras s\u00f3lo cinco minutos de partido para preocupaci\u00f3n de la numerosa afici\u00f3n local que, un fin de semana m\u00e1s, sigue sumando adeptos al proyecto.<\/p>   <p>Pese a ese rev\u00e9s, el Benidorm no se desdibuj\u00f3 y necesit\u00f3 de muy pocos minutos para sobreponerse al shock. Fue en el 18 de la primera mitad cuando un tanto de Aquino culmin\u00f3 una preciosa jugada de los locales que reseteaba el choque.<\/p>   <p>A partir de ese momento, el Benidorm fue el due\u00f1o y se\u00f1or de un partido que qued\u00f3 visto para sentencia antes del descanso gracias al tanto que Morgado lograr\u00eda s\u00f3lo dos minutos m\u00e1s tarde y de Pato, que establec\u00eda el 3-1 definitivo al borde del descanso.<\/p>   <p>En la segunda mitad, los locales fueron los due\u00f1os del bal\u00f3n y de las mejores ocasiones y s\u00f3lo la falta de fortuna en los metros finales evit\u00f3 un resultado m\u00e1s abultado.<\/p>   <p>Con esos tres puntos, el C.F. Benidorm fue, moment\u00e1neamente, campe\u00f3n virtual de la Lliga Comunitat; pero la victoria del Crevillente Deportivo en el \u00faltimo partido de la jornada acabar\u00eda aplazando la fiesta del equipo de la capital tur\u00edstica una semana m\u00e1s.<\/p>   <p>Con este panorama, si el Benidorm vence la pr\u00f3xima semana al J\u00e1vea en casa del equipo de la Marina Alta, los de Miguel \u00c1ngel Mart\u00ednez ser\u00e1n campeones matem\u00e1ticos y, con ello, habr\u00e1n rubricado el ascenso directo a Tercera RFEF.<\/p>   <p><p><strong>Sigue el canal de la SER en WhatsApp<\/strong><br \/>Encontrar\u00e1s toda la informaci\u00f3n, el deporte y el entretenimiento: la actualidad del d\u00eda y las noticias de \u00faltima hora, los mejores v\u00eddeos y momentos de la radio, entrevistas, reportajes y mucho m\u00e1s.<\/p><a href=\"https:\/\/www.whatsapp.com\/channel\/0029Va633PF9WtC4l7XUzh1e\" title=\"Suscr\u00edbete\">Suscr\u00edbete ahora<\/a><\/p> ","protected":false},"excerpt":{"rendered":"<p>Los de Miguel \u00c1ngel Mart\u00ednez vencieron por 3-1 al Eldense B en un gran partido de los locales<\/p>\n","protected":false},"author":0,"featured_media":4318,"comment_status":"open","ping_status":"open","sticky":false,"template":"","format":"standard","meta":{"_acf_changed":false,"footnotes":""},"categories":[16],"tags":[],"class_list":["post-4317","post","type-post","status-publish","format-standard","has-post-thumbnail","hentry","category-deportes"],"acf":{"ser_id":"JMG7KI4M5VFPTFDRV6FMHQG5U4","ser_url":"https:\/\/cadenaser.com\/comunitat-valenciana\/2024\/04\/22\/la-victoria-del-crevillent-aplaza-el-ascenso-del-cf-benidorm-radio-benidorm\/"},"_links":{"self":[{"href":"https:\/\/serbenidorm.daliisolutions.com\/index.php\/wp-json\/wp\/v2\/posts\/4317","targetHints":{"allow":["GET"]}}],"collection":[{"href":"https:\/\/serbenidorm.daliisolutions.com\/index.php\/wp-json\/wp\/v2\/posts"}],"about":[{"href":"https:\/\/serbenidorm.daliisolutions.com\/index.php\/wp-json\/wp\/v2\/types\/post"}],"replies":[{"embeddable":true,"href":"https:\/\/serbenidorm.daliisolutions.com\/index.php\/wp-json\/wp\/v2\/comments?post=4317"}],"version-history":[{"count":0,"href":"https:\/\/serbenidorm.daliisolutions.com\/index.php\/wp-json\/wp\/v2\/posts\/4317\/revisions"}],"wp:featuredmedia":[{"embeddable":true,"href":"https:\/\/serbenidorm.daliisolutions.com\/index.php\/wp-json\/wp\/v2\/media\/4318"}],"wp:attachment":[{"href":"https:\/\/serbenidorm.daliisolutions.com\/index.php\/wp-json\/wp\/v2\/media?parent=4317"}],"wp:term":[{"taxonomy":"category","embeddable":true,"href":"https:\/\/serbenidorm.daliisolutions.com\/index.php\/wp-json\/wp\/v2\/categories?post=4317"},{"taxonomy":"post_tag","embeddable":true,"href":"https:\/\/serbenidorm.daliisolutions.com\/index.php\/wp-json\/wp\/v2\/tags?post=4317"}],"curies":[{"name":"wp","href":"https:\/\/api.w.org\/{rel}","templated":true}]}}