{"id":4321,"date":"2024-04-22T10:41:52","date_gmt":"2024-04-22T08:41:52","guid":{"rendered":"https:\/\/serbenidorm.daliisolutions.com\/index.php\/2024\/04\/22\/el-medina-hoteles-certifica-el-pleno-autonomico-del-club-voleibol-playas-de-benidorm\/"},"modified":"2024-04-22T10:41:52","modified_gmt":"2024-04-22T08:41:52","slug":"el-medina-hoteles-certifica-el-pleno-autonomico-del-club-voleibol-playas-de-benidorm","status":"publish","type":"post","link":"https:\/\/serbenidorm.daliisolutions.com\/index.php\/2024\/04\/22\/el-medina-hoteles-certifica-el-pleno-autonomico-del-club-voleibol-playas-de-benidorm\/","title":{"rendered":"El Medina Hoteles certifica el pleno auton\u00f3mico del Club Voleibol Playas de Benidorm"},"content":{"rendered":"  <p>Benidorm<\/p>   <p>El Club Voleibol Playas de Benidorm ha redondeado este fin de semana uno de los logros m\u00e1s bonitos a los que una entidad deportiva tan volcada en la base como la del Pabell\u00f3n Ra\u00fal Mesa puede aspirar: <a href=\"https:\/\/cadenaser.com\/comunitat-valenciana\/2024\/04\/18\/el-club-voleibol-playas-de-benidorm-aspira-a-meter-a-todos-sus-equipos-de-base-en-las-finales-autonomicas-radio-benidorm\/\" target=\"_blank\" rel=\"noopener\">meter a uno de sus equipos en todas las finales auton\u00f3micas de la especialidad<\/a>.<\/p>   <p>Para redondear esa gesta, s\u00f3lo faltaba que el Medina Hoteles se impusiera el pasado fin de semana a l\u2019Illa Grau castellonense en duelo de ida y vuelta, algo que las chicas entrenadas por <a href=\"https:\/\/cadenaser.com\/comunitat-valenciana\/2024\/04\/10\/noelia-santacreu-se-hara-cargo-del-banquillo-del-hola-cv-benidorm-radio-benidorm\/\" target=\"_blank\" rel=\"noopener\">Noelia Santacreu<\/a> lograron sin excesivos problemas logrando el pase a la final regional en la categor\u00eda Infantil femenina.<\/p>  <p><p>M\u00e1s informaci\u00f3n<\/p><figure><img decoding=\"async\" src=\"https:\/\/cadenaser.com\/resizer\/9vz5BRXNh1kQtY5VNIy92MVH97s=\/650x366\/filters:quality(70)\/cloudfront-eu-central-1.images.arcpublishing.com\/prisaradio\/XRXCNPSPQNFQNO6ZHIXI4RWDQI.JPG\" loading=\"lazy\" width=\"828\" height=\"621\" \/><\/figure><ul><li><a href=\"https:\/\/cadenaser.com\/tag\/club_voleibol_playas_benidorm\/a\/\">Todas las noticias del Club Voleibol Playas de Benidorm<\/a><\/li><\/ul><\/p>   <p>De esta manera, el <a href=\"https:\/\/cadenaser.com\/tag\/club_voleibol_playas_benidorm\/a\/\" target=\"_blank\" rel=\"noopener\">Club Voleibol Playas de Benidorm<\/a> ha logrado clasificar a sus ocho equipos (Juvenil, Cadete, Infantil y Alev\u00edn tanto masculinos, como femeninos) para esas finales auton\u00f3micas y, con ello, para buscar una plaza en el campeonato de Espa\u00f1a de cada una de esas categor\u00edas.<\/p>   <p>De hecho, el Benialex-Benidorm, de categor\u00eda Cadete femenina, no s\u00f3lo logr\u00f3 ya su plaza en esa final auton\u00f3mica, sino que consigui\u00f3 la victoria y, con ella, el pasaporte a la pelea por el nacional que tendr\u00e1 lugar en Llanes (Asturias) en las pr\u00f3ximas semanas.<\/p>   <p><p><strong>Sigue el canal de la SER en WhatsApp<\/strong><br \/>Encontrar\u00e1s toda la informaci\u00f3n, el deporte y el entretenimiento: la actualidad del d\u00eda y las noticias de \u00faltima hora, los mejores v\u00eddeos y momentos de la radio, entrevistas, reportajes y mucho m\u00e1s.<\/p><a href=\"https:\/\/www.whatsapp.com\/channel\/0029Va633PF9WtC4l7XUzh1e\" title=\"Suscr\u00edbete\">Suscr\u00edbete ahora<\/a><\/p> ","protected":false},"excerpt":{"rendered":"<p>El conjunto Infantil femenino ha logrado el pase a la fase final regional tras superar al l\u2019Illa Grau<\/p>\n","protected":false},"author":0,"featured_media":4322,"comment_status":"open","ping_status":"open","sticky":false,"template":"","format":"standard","meta":{"_acf_changed":false,"footnotes":""},"categories":[16],"tags":[],"class_list":["post-4321","post","type-post","status-publish","format-standard","has-post-thumbnail","hentry","category-deportes"],"acf":{"ser_id":"W4KWPGWFQJARFOURD5ZVEZQJS4","ser_url":"https:\/\/cadenaser.com\/comunitat-valenciana\/2024\/04\/22\/el-medina-hoteles-certifica-el-pleno-autonomico-del-club-voleibol-playas-de-benidorm-radio-benidorm\/"},"_links":{"self":[{"href":"https:\/\/serbenidorm.daliisolutions.com\/index.php\/wp-json\/wp\/v2\/posts\/4321","targetHints":{"allow":["GET"]}}],"collection":[{"href":"https:\/\/serbenidorm.daliisolutions.com\/index.php\/wp-json\/wp\/v2\/posts"}],"about":[{"href":"https:\/\/serbenidorm.daliisolutions.com\/index.php\/wp-json\/wp\/v2\/types\/post"}],"replies":[{"embeddable":true,"href":"https:\/\/serbenidorm.daliisolutions.com\/index.php\/wp-json\/wp\/v2\/comments?post=4321"}],"version-history":[{"count":0,"href":"https:\/\/serbenidorm.daliisolutions.com\/index.php\/wp-json\/wp\/v2\/posts\/4321\/revisions"}],"wp:featuredmedia":[{"embeddable":true,"href":"https:\/\/serbenidorm.daliisolutions.com\/index.php\/wp-json\/wp\/v2\/media\/4322"}],"wp:attachment":[{"href":"https:\/\/serbenidorm.daliisolutions.com\/index.php\/wp-json\/wp\/v2\/media?parent=4321"}],"wp:term":[{"taxonomy":"category","embeddable":true,"href":"https:\/\/serbenidorm.daliisolutions.com\/index.php\/wp-json\/wp\/v2\/categories?post=4321"},{"taxonomy":"post_tag","embeddable":true,"href":"https:\/\/serbenidorm.daliisolutions.com\/index.php\/wp-json\/wp\/v2\/tags?post=4321"}],"curies":[{"name":"wp","href":"https:\/\/api.w.org\/{rel}","templated":true}]}}