{"id":4325,"date":"2024-04-22T12:01:21","date_gmt":"2024-04-22T10:01:21","guid":{"rendered":"https:\/\/serbenidorm.daliisolutions.com\/index.php\/2024\/04\/22\/hector-alvarez-impone-su-ley-en-leorica\/"},"modified":"2024-04-22T12:01:21","modified_gmt":"2024-04-22T10:01:21","slug":"hector-alvarez-impone-su-ley-en-leorica","status":"publish","type":"post","link":"https:\/\/serbenidorm.daliisolutions.com\/index.php\/2024\/04\/22\/hector-alvarez-impone-su-ley-en-leorica\/","title":{"rendered":"H\u00e9ctor \u00c1lvarez impone su ley en L\u2019Eorica"},"content":{"rendered":"  <p>Benidorm<\/p>   <p>El ciclismo ha dejado este fin de semana una de cal y otra de arena para los intereses de los corredores de la comarca de la Marina Baixa. La cara amable, y comienza a ser muy habitual, nos la dej\u00f3 el alfasino H\u00e9ctor \u00c1lvarez, que volvi\u00f3 a erigirse en el jefe de filas de la selecci\u00f3n espa\u00f1ola para imponerse, con una gran exhibici\u00f3n, en L\u2019Eorica. En esta ocasi\u00f3n, otro ciclista acostumbrado a dar alegr\u00edas a la afici\u00f3n, Felipe Orts, vivi\u00f3 la cara amarga del deporte al verse fuera de la lucha por la victoria en la puntuable de la Copa de Espa\u00f1a de XCO debido a un inoportuno pinchazo.<\/p>   <p>La victoria de H\u00e9ctor \u00c1lvarez en Italia, en la segunda carrera valedera para la Copa de las Naciones, ha vuelto a colocar al de l\u2019Alf\u00e0s del Pi como uno de los ciclistas m\u00e1s prometedores del panorama internacional y no s\u00f3lo por el triunfo, sino, sobre todo, por la manera en la que se ha producido.<\/p>   <p>De nuevo ejerciendo como jefe de filas de la selecci\u00f3n espa\u00f1ola, \u00c1lvarez ya ven\u00eda transmitiendo jornada a jornada la impresi\u00f3n de ser el corredor m\u00e1s fuerte de la carrera y en la \u00faltima etapa, disputada ayer domingo, demostr\u00f3 su fortaleza entrando en el corte bueno con los principales favoritos, a los cuales solt\u00f3 a base de vatios y ritmo en la subida final que daba acceso a la recta de meta.<\/p>   <p>Finalmente, s\u00f3lo se le escap\u00f3 la victoria de etapa, pero su tercer puesto parcial le asegur\u00f3 la general ayudando, a su vez, al combinado nacional a hacerse tambi\u00e9n con el triunfo por equipos redondeando una semana inolvidable para la escuadra dirigida por el seleccionador nacional Manuel Mateo.<\/p>   <p>L\u2019Eroica arranc\u00f3 el jueves con una jornada de doble sector. Por la ma\u00f1ana, en una crono por equipos, Espa\u00f1a se tuvo que conformar con la sexta plaza a s\u00f3lo 48 segundos de Alemania, que no dio opci\u00f3n a ning\u00fan otro combinado nacional.<\/p>  <p><p>M\u00e1s informaci\u00f3n<\/p><figure><img decoding=\"async\" src=\"https:\/\/cadenaser.com\/resizer\/Wo1DJ4kkyEcRKWpvsURixqXlfLA=\/650x366\/filters:quality(70)\/cloudfront-eu-central-1.images.arcpublishing.com\/prisaradio\/MXVA33ZKPBEDVDHNYVFDPI2DFM.JPG\" loading=\"lazy\" width=\"828\" height=\"621\" \/><\/figure><ul><li><a href=\"https:\/\/cadenaser.com\/comunitat-valenciana\/2024\/04\/19\/la-copa-del-mundo-de-ciclocross-volvera-a-benidorm-en-2025-radio-benidorm\/\">La Copa del Mundo de ciclocross volver\u00e1 a Benidorm en 2025<\/a><\/li><\/ul><\/p>   <p>Ya en el sector vespertino, disputado sobre 68 kil\u00f3metros, \u00c1lvarez comenz\u00f3 su particular remontada meti\u00e9ndose en el grupo de cabeza y, con una segunda posici\u00f3n parcial, escalar ya al top10 de la general en la que se situ\u00f3 a 48 segundos del l\u00edder, el irland\u00e9s Patrick Casey.<\/p>   <p>En la segunda etapa el ciclista alfasino volvi\u00f3 a demostrar su buen golpe de pedal y visi\u00f3n de carrera entrando de nuevo en el corte bueno y terminando, una vez m\u00e1s, en segunda posici\u00f3n de la etapa por detr\u00e1s del noruego Felix \u00d8rn-Kristoff y meti\u00e9ndole dos segundos al l\u00edder para colocarse en la s\u00e9ptima plaza de la general.<\/p>   <p>Esa remontada del espa\u00f1ol qued\u00f3 en duda tras la suspensi\u00f3n de la tercera etapa tras la aplicaci\u00f3n del protocolo de condiciones clim\u00e1ticas extremas. Sin embargo, en la \u00faltima jornada, con salida en Siena y final en Chiusdino, tanto \u00c1lvarez como el resto del combinado espa\u00f1ol demostraron que esta todav\u00eda jovenc\u00edsima hornada de J\u00faniors ha llegado para marcar el futuro del ciclismo.<\/p>   <p>Con ataques pr\u00e1cticamente desde la salida, el desgaste se preve\u00eda enorme ya que iba a ser fundamental rodar siempre en las primeras posiciones para, llegado el momento, elegir el corte bueno y, de esa manera, poder trabajar para que la fuga fructificara y poder recuperar esos 46 segundos que separaban a \u00c1lvarez de la victoria final.<\/p>   <p>Formada una fuga en la que Espa\u00f1a, en un gran movimiento t\u00e1ctico, meti\u00f3 a Iker G\u00f3mez, \u00c1lvarez salt\u00f3 desde el pelot\u00f3n junto a algunos de los primeros clasificados en la general como Besega y Nagengast. De nuevo en un gran trabajo de equipo, G\u00f3mez decid\u00eda \u2018pararse\u2019 para tratar ofrecer su rueda y que, de esta manera, su compa\u00f1ero enlazara con la cabeza, a la que tambi\u00e9n llegar\u00eda Enrique Maranch\u00f3n.<\/p>   <p>Ya en el tramo final de la jornada, Maranch\u00f3n jug\u00f3 un papel decisivo cerrando el hueco que hab\u00edan abierto algunos de los principales rivales de H\u00e9ctor \u00c1lvarez, que volvi\u00f3 a situarse a su rueda para disputarse con ellos la victoria en la general en la subida final previa a la l\u00ednea de meta.<\/p>   <p>All\u00ed, el ciclista alfasino demostr\u00f3 su enorme poder\u00edo y sin levantarse de la bici, a ritmo, fue soltando uno a uno a los corredores que formaban parte del grupo de cabeza para plantarse en la recta final junto a Besega y \u00d8rn-Kristoff.<\/p>   <p>El noruego fue el vencedor de etapa, con el italiano segundo y el espa\u00f1ol tercero, que finalmente aventaj\u00f3 en cinco segundos al neerland\u00e9s Nagengast, lo que le ha terminado dando la general por dos segundos.<\/p>   <p><b>Felipe Orts, v\u00edctima de un pinchazo<\/b><\/p>  <p><figure><img decoding=\"async\" src=\"https:\/\/cadenaser.com\/resizer\/HiEExoejS37lQByID15L4As2dkc=\/650x488\/filters:quality(70)\/cloudfront-eu-central-1.images.arcpublishing.com\/prisaradio\/KJ3CEOX5OBAQ3PNNBNAIZU24VQ.jpg\" loading=\"lazy\" width=\"650\" height=\"488\" \/><figcaption class=\"fc\"><p><span>Felipe Orts, en el centro, en la salida de Alpedrete<\/span><\/p><\/figcaption><\/figure><button>Ampliar<\/button><\/p>   <p>En otro orden de cosas, el vilero Felipe Orts volv\u00eda este domingo a la Copa de Espa\u00f1a de bicicleta de monta\u00f1a en la especialidad de rally (XCO) con la puntuable disputada en la madrile\u00f1a localidad de Alpedrete.<\/p>   <p>Tras las buenas sensaciones dadas en las semanas previas, Orts viajaba a Alpedrete con la idea de pelear por el triunfo, pero acab\u00f3 eliminado de esa pelea debido a un inoportuno pinchazo que le dej\u00f3 sin opci\u00f3n alguna, teniendo que conformarse finalmente con la octava posici\u00f3n a algo menos de cuatro minutos de Roberto Ferreira, vencedor de la prueba.<\/p>   <p>Tras este tropiezo, Felipe Orts es s\u00e9ptimo en la general de la Copa de Espa\u00f1a con 244 puntos. El tambi\u00e9n vilero Vicent Zaragoza es tercero y primer Sub-23 en esa misma clasificaci\u00f3n.<\/p>   <p><p><strong>Sigue el canal de la SER en WhatsApp<\/strong><br \/>Encontrar\u00e1s toda la informaci\u00f3n, el deporte y el entretenimiento: la actualidad del d\u00eda y las noticias de \u00faltima hora, los mejores v\u00eddeos y momentos de la radio, entrevistas, reportajes y mucho m\u00e1s.<\/p><a href=\"https:\/\/www.whatsapp.com\/channel\/0029Va633PF9WtC4l7XUzh1e\" title=\"Suscr\u00edbete\">Suscr\u00edbete ahora<\/a><\/p> ","protected":false},"excerpt":{"rendered":"<p>Un inoportuno pinchazo dej\u00f3 a Felipe Orts sin opciones en la Copa de Espa\u00f1a de XCO<\/p>\n","protected":false},"author":0,"featured_media":4326,"comment_status":"open","ping_status":"open","sticky":false,"template":"","format":"standard","meta":{"_acf_changed":false,"footnotes":""},"categories":[16],"tags":[],"class_list":["post-4325","post","type-post","status-publish","format-standard","has-post-thumbnail","hentry","category-deportes"],"acf":{"ser_id":"LDD6N2IUMZEJHBACDZNRUJOT3A","ser_url":"https:\/\/cadenaser.com\/comunitat-valenciana\/2024\/04\/22\/hector-alvarez-impone-su-ley-en-leorica-radio-benidorm\/"},"_links":{"self":[{"href":"https:\/\/serbenidorm.daliisolutions.com\/index.php\/wp-json\/wp\/v2\/posts\/4325","targetHints":{"allow":["GET"]}}],"collection":[{"href":"https:\/\/serbenidorm.daliisolutions.com\/index.php\/wp-json\/wp\/v2\/posts"}],"about":[{"href":"https:\/\/serbenidorm.daliisolutions.com\/index.php\/wp-json\/wp\/v2\/types\/post"}],"replies":[{"embeddable":true,"href":"https:\/\/serbenidorm.daliisolutions.com\/index.php\/wp-json\/wp\/v2\/comments?post=4325"}],"version-history":[{"count":0,"href":"https:\/\/serbenidorm.daliisolutions.com\/index.php\/wp-json\/wp\/v2\/posts\/4325\/revisions"}],"wp:featuredmedia":[{"embeddable":true,"href":"https:\/\/serbenidorm.daliisolutions.com\/index.php\/wp-json\/wp\/v2\/media\/4326"}],"wp:attachment":[{"href":"https:\/\/serbenidorm.daliisolutions.com\/index.php\/wp-json\/wp\/v2\/media?parent=4325"}],"wp:term":[{"taxonomy":"category","embeddable":true,"href":"https:\/\/serbenidorm.daliisolutions.com\/index.php\/wp-json\/wp\/v2\/categories?post=4325"},{"taxonomy":"post_tag","embeddable":true,"href":"https:\/\/serbenidorm.daliisolutions.com\/index.php\/wp-json\/wp\/v2\/tags?post=4325"}],"curies":[{"name":"wp","href":"https:\/\/api.w.org\/{rel}","templated":true}]}}