{"id":4333,"date":"2024-04-23T07:00:42","date_gmt":"2024-04-23T05:00:42","guid":{"rendered":"https:\/\/serbenidorm.daliisolutions.com\/index.php\/2024\/04\/23\/la-consellera-de-turismo-anuncia-en-benidorm-21-millones-en-ayudas-al-sector-privado-para-proyectos-sostenibles\/"},"modified":"2024-04-23T07:00:42","modified_gmt":"2024-04-23T05:00:42","slug":"la-consellera-de-turismo-anuncia-en-benidorm-21-millones-en-ayudas-al-sector-privado-para-proyectos-sostenibles","status":"publish","type":"post","link":"https:\/\/serbenidorm.daliisolutions.com\/index.php\/2024\/04\/23\/la-consellera-de-turismo-anuncia-en-benidorm-21-millones-en-ayudas-al-sector-privado-para-proyectos-sostenibles\/","title":{"rendered":"La consellera de Turismo anuncia en Benidorm 21 millones en ayudas al sector privado para proyectos sostenibles"},"content":{"rendered":"  <p>Benidorm<\/p>   <p>Este lunes se ha celebrado en Benidorm la conmemoraci\u00f3n del X aniversario del Modelo DTI y el V aniversario de la Red DTI de la Comunitat Valenciana durante la que la consellera de Innovaci\u00f3n, Industria, Comercio y Turismo Nuria Montes ha confirmado que la Generalitat va a seguir impulsando el desarrollo de estos programas mediante distintas l\u00edneas de ayuda.<\/p>   <p>Entre ellas una de<a href=\"https:\/\/cadenaser.com\/tag\/turismo\/a\/\" target=\"_blank\" rel=\"noopener\"> cinco millones de euros procedentes de fondos &#8216;Next Generation&#8217; para formar en competencias digitales tanto a personal de la administraci\u00f3n como a trabajadores de la empresa privada<\/a>. Igualmente, ha anunciado que se destinar\u00e1n otros <a href=\"https:\/\/cadenaser.com\/tag\/generalitat_valenciana\/a\/\" target=\"_blank\" rel=\"noopener\">21 millones para que las empresas desarrollen proyectos de sostenibilidad<\/a> y que, adem\u00e1s, habr\u00e1 una l\u00ednea exclusiva de estos fondos para proyectos impulsados por los municipios y que est\u00e9n relacionados la sostenibilidad social y para afrontar el cambio clim\u00e1tico.<\/p>  <p><p class=\"tit\"><span>Hora 14 Benidorm (22\/04\/2024)<\/span><\/p> <p class=\"emb\"><iframe loading=\"lazy\" src=\"https:\/\/cadenaser.com\/embed\/audio\/460\/cadenaser_benidorm_hora14benidorm_20240422_141700_143000\/\" width=\"100%\" height=\"360\" frameborder=\"0\" allowfullscreen><\/iframe><\/p><\/p>   <p>Tras el acto Montes tambi\u00e9n se refer\u00eda a las manifestaciones en Canarias contra el turismo masivo poniendo precisamente el ejemplo de los Destinos Tur\u00edsticos Inteligentes de la Comunitat Valenciana: \u00abLa insularidad es una situaci\u00f3n completamente diferente a la que tenemos en la pen\u00ednsula y desde luego la gesti\u00f3n que tenemos aqu\u00ed difiere mucho de la que pueda haber en las islas, pero s\u00ed que es cierto que nos enfrentamos a retos importantes como esa comuni\u00f3n permanente entre sociedad y turismo. No puede haber un divorcio ni percibirse como una amenaza\u00bb, ha subrayado.<\/p>   <p>Benidorm, destino pionero en inteligencia tur\u00edstica<\/p>   <p>Durante el acto que se ha desarrollado en la capital tur\u00edstica la Conselleria de Turismo ha concedido distintos reconocimientos a destinos y agentes del sector como Benidorm, Finestrat y La Vila Joiosa o la asociaci\u00f3n representante del sector de la industria digital en Espa\u00f1a (Ametic), la Sociedad Estatal para la Gesti\u00f3n de la Innovaci\u00f3n y las Tecnolog\u00edas Tur\u00edsticas del Ministerio de Industria y Turismo (Segittur) y el catedr\u00e1tico y director del Instituto Universitario de Investigaciones Tur\u00edsticas de la UA Josep Ivars.<\/p> ","protected":false},"excerpt":{"rendered":"<p>Durante el acto de aniversario del Modelo y la Red DTI de la Comunitat Valenciana <\/p>\n","protected":false},"author":0,"featured_media":4334,"comment_status":"open","ping_status":"open","sticky":false,"template":"","format":"standard","meta":{"_acf_changed":false,"footnotes":""},"categories":[1],"tags":[],"class_list":["post-4333","post","type-post","status-publish","format-standard","has-post-thumbnail","hentry","category-sin-categoria"],"acf":{"ser_id":"VDSGVSID3RHZFPHCWKJ6GVRVR4","ser_url":"https:\/\/cadenaser.com\/comunitat-valenciana\/2024\/04\/22\/la-consellera-de-turismo-anuncia-en-benidorm-21-millones-en-ayudas-al-sector-privado-para-proyectos-sostenibles-radio-benidorm\/"},"_links":{"self":[{"href":"https:\/\/serbenidorm.daliisolutions.com\/index.php\/wp-json\/wp\/v2\/posts\/4333","targetHints":{"allow":["GET"]}}],"collection":[{"href":"https:\/\/serbenidorm.daliisolutions.com\/index.php\/wp-json\/wp\/v2\/posts"}],"about":[{"href":"https:\/\/serbenidorm.daliisolutions.com\/index.php\/wp-json\/wp\/v2\/types\/post"}],"replies":[{"embeddable":true,"href":"https:\/\/serbenidorm.daliisolutions.com\/index.php\/wp-json\/wp\/v2\/comments?post=4333"}],"version-history":[{"count":0,"href":"https:\/\/serbenidorm.daliisolutions.com\/index.php\/wp-json\/wp\/v2\/posts\/4333\/revisions"}],"wp:featuredmedia":[{"embeddable":true,"href":"https:\/\/serbenidorm.daliisolutions.com\/index.php\/wp-json\/wp\/v2\/media\/4334"}],"wp:attachment":[{"href":"https:\/\/serbenidorm.daliisolutions.com\/index.php\/wp-json\/wp\/v2\/media?parent=4333"}],"wp:term":[{"taxonomy":"category","embeddable":true,"href":"https:\/\/serbenidorm.daliisolutions.com\/index.php\/wp-json\/wp\/v2\/categories?post=4333"},{"taxonomy":"post_tag","embeddable":true,"href":"https:\/\/serbenidorm.daliisolutions.com\/index.php\/wp-json\/wp\/v2\/tags?post=4333"}],"curies":[{"name":"wp","href":"https:\/\/api.w.org\/{rel}","templated":true}]}}