{"id":4335,"date":"2024-04-23T07:00:43","date_gmt":"2024-04-23T05:00:43","guid":{"rendered":"https:\/\/serbenidorm.daliisolutions.com\/index.php\/2024\/04\/23\/las-obras-de-la-calle-perez-martorell-de-benidorm-se-dividiran-entre-antes-y-despues-del-verano\/"},"modified":"2024-04-23T07:00:43","modified_gmt":"2024-04-23T05:00:43","slug":"las-obras-de-la-calle-perez-martorell-de-benidorm-se-dividiran-entre-antes-y-despues-del-verano","status":"publish","type":"post","link":"https:\/\/serbenidorm.daliisolutions.com\/index.php\/2024\/04\/23\/las-obras-de-la-calle-perez-martorell-de-benidorm-se-dividiran-entre-antes-y-despues-del-verano\/","title":{"rendered":"Las obras de la calle P\u00e9rez Martorell de Benidorm se dividir\u00e1n entre antes y despu\u00e9s del verano"},"content":{"rendered":"  <p>Benidorm<\/p>   <p>El Ayuntamiento de Benidorm va a comenzar este mi\u00e9rcoles las obras de renovaci\u00f3n de las infraestructuras de agua potable y alcantarillado en la calle Metge P\u00e9rez Martorell, en el tramo que discurre entre Mart\u00ednez Alejos y Carmela Mart\u00ednez. El plazo previsto de duraci\u00f3n de esta actuaci\u00f3n es de unos cuatro meses, seg\u00fan ha informado el concejal de Ciclo del Agua, Jos\u00e9 Ram\u00f3n Gonz\u00e1lez de Z\u00e1rate.<\/p>   <p><a href=\"https:\/\/cadenaser.com\/tag\/benidorm\/a\/\" target=\"_blank\" rel=\"noopener\">El edil ha precisado que esos cuatro meses de dividir\u00e1n en dos periodos, uno antes del verano para la canalizaci\u00f3n y otro despu\u00e9s para del periodo estival para su finalizaci\u00f3n<\/a>. El presupuesto es de cerca de 430.000 euros y ser\u00e1 financiado por la empresa\u00a0concesionaria del Ciclo Integral del Agua, Hidraqua, con cargo a los fondos de renovaci\u00f3n.<\/p>  <p><p>M\u00e1s informaci\u00f3n<\/p><figure><img decoding=\"async\" src=\"https:\/\/cadenaser.com\/resizer\/BgkSihL0nMpZEb2aKysJi0vXdWk=\/650x366\/filters:quality(70)\/cloudfront-eu-central-1.images.arcpublishing.com\/prisaradio\/SB6E7XV4ZVGWLHLEQHCRUAJTHM.jpeg\" loading=\"lazy\" width=\"828\" height=\"621\" \/><\/figure><ul><li><a href=\"https:\/\/cadenaser.com\/comunitat-valenciana\/2024\/04\/19\/medio-ambiente-abre-expediente-sancionador-por-los-vertidos-residuales-de-febrero-en-benidorm-radio-benidorm\/\">Medio Ambiente abre expediente sancionador por los vertidos residuales de febrero en Benidorm<\/a><\/li><\/ul><\/p>   <p>Renovaci\u00f3n que abarcar\u00e1 la sustituci\u00f3n de 200 metros de la red de agua potable mediante la colocaci\u00f3n de una tuber\u00eda de fundici\u00f3n d\u00factil de 250 mil\u00edmetros de di\u00e1metro nominal. De la red de aguas residuales se renovar\u00e1n otros 110 metros con una tuber\u00eda de PVC de 315 y 400 mil\u00edmetros de di\u00e1metro nominal por medios convencionales de obra civil. <\/p>   <p>Estas obras se completar\u00e1n con la instalaci\u00f3n de canalizaciones para servicios municipales \u201cy se mejorar\u00e1 la escena urbana de la zona mediante la ejecuci\u00f3n de una plataforma \u00fanica al mismo nivel, con aceras en granito y calzada de asfalto impreso, adem\u00e1s de colocar nuevo mobiliario urbano\u201d, ha indicado Gonz\u00e1lez de Z\u00e1rate.<\/p>  <p><p class=\"tit\"><span>Hora 14 Benidorm (22\/04\/2024)<\/span><\/p> <p class=\"emb\"><iframe loading=\"lazy\" src=\"https:\/\/cadenaser.com\/embed\/audio\/460\/cadenaser_benidorm_hora14benidorm_20240422_141700_143000\/\" width=\"100%\" height=\"360\" frameborder=\"0\" allowfullscreen><\/iframe><\/p><\/p>   <p>El edil ha destacado que se trata de una intervenci\u00f3n \u201cmuy necesaria\u201d sobre unos servicios \u201cque ya est\u00e1n muy obsoletos y que es necesario renovar y sustituir\u201d. La actuaci\u00f3n mejorar\u00e1 adem\u00e1s el ornato p\u00fablico y la accesibilidad, por lo que en opini\u00f3n del concejal \u201ccon obras como esta estamos construyendo el Benidorm del futuro\u201d.<\/p>   <p>Cambios en el tr\u00e1fico<\/p>   <p>Durante el desarrollo de las obras el tr\u00e1fico de veh\u00edculos autorizados y de carga y descarga ser\u00e1 desviado desde la Plaza de la Hispanidad hacia la avenida de Alcoy y la avenida Virgen del Sufragio, dejando anulado el acceso desde la calle Doctor P\u00e9rez Llorca a excepci\u00f3n de los vados de los residentes. <\/p>   <p>Es decir, el acceso al casco antiguo deber\u00e1 realizarse por la calle Valencia en direcci\u00f3n a la avenida de Alcoy y desde ah\u00ed, por esta avenida, hasta la plaza del Torrej\u00f3, en donde se podr\u00e1 coger la calle Metge Cosme Bayona.<\/p> ","protected":false},"excerpt":{"rendered":"<p>Entre Mart\u00ednez Alejos y Carmela Mart\u00ednez<\/p>\n","protected":false},"author":0,"featured_media":4336,"comment_status":"open","ping_status":"open","sticky":false,"template":"","format":"standard","meta":{"_acf_changed":false,"footnotes":""},"categories":[1],"tags":[],"class_list":["post-4335","post","type-post","status-publish","format-standard","has-post-thumbnail","hentry","category-sin-categoria"],"acf":{"ser_id":"GPYP7YP2VFERBA3GYTDUQC65CM","ser_url":"https:\/\/cadenaser.com\/comunitat-valenciana\/2024\/04\/22\/las-obras-de-la-calle-perez-martorell-de-benidorm-se-dividiran-entre-antes-y-despues-del-verano-radio-benidorm\/"},"_links":{"self":[{"href":"https:\/\/serbenidorm.daliisolutions.com\/index.php\/wp-json\/wp\/v2\/posts\/4335","targetHints":{"allow":["GET"]}}],"collection":[{"href":"https:\/\/serbenidorm.daliisolutions.com\/index.php\/wp-json\/wp\/v2\/posts"}],"about":[{"href":"https:\/\/serbenidorm.daliisolutions.com\/index.php\/wp-json\/wp\/v2\/types\/post"}],"replies":[{"embeddable":true,"href":"https:\/\/serbenidorm.daliisolutions.com\/index.php\/wp-json\/wp\/v2\/comments?post=4335"}],"version-history":[{"count":0,"href":"https:\/\/serbenidorm.daliisolutions.com\/index.php\/wp-json\/wp\/v2\/posts\/4335\/revisions"}],"wp:featuredmedia":[{"embeddable":true,"href":"https:\/\/serbenidorm.daliisolutions.com\/index.php\/wp-json\/wp\/v2\/media\/4336"}],"wp:attachment":[{"href":"https:\/\/serbenidorm.daliisolutions.com\/index.php\/wp-json\/wp\/v2\/media?parent=4335"}],"wp:term":[{"taxonomy":"category","embeddable":true,"href":"https:\/\/serbenidorm.daliisolutions.com\/index.php\/wp-json\/wp\/v2\/categories?post=4335"},{"taxonomy":"post_tag","embeddable":true,"href":"https:\/\/serbenidorm.daliisolutions.com\/index.php\/wp-json\/wp\/v2\/tags?post=4335"}],"curies":[{"name":"wp","href":"https:\/\/api.w.org\/{rel}","templated":true}]}}